{"id":7985,"date":"2016-10-11T12:25:18","date_gmt":"2016-10-11T15:25:18","guid":{"rendered":"https:\/\/www.tjes.jus.br\/corregedoria\/?p=7985"},"modified":"2016-10-11T12:35:27","modified_gmt":"2016-10-11T15:35:27","slug":"oficio-circular-no-662016-disp-11102016","status":"publish","type":"post","link":"https:\/\/www.tjes.jus.br\/corregedoria\/2016\/10\/11\/oficio-circular-no-662016-disp-11102016\/","title":{"rendered":"OF\u00cdCIO CIRCULAR N\u00ba 66\/2016 &#8211; DISP. 11\/10\/2016"},"content":{"rendered":"<p align=\"center\">ESTADO DO ESP\u00cdRITO SANTO<\/p>\n<p align=\"center\">Poder Judici\u00e1rio<\/p>\n<p align=\"center\"><strong>Corregedoria Geral da Justi\u00e7a<\/strong><\/p>\n<p style=\"text-align: center;\" align=\"justify\"><strong><span lang=\"pt-BR\">OF\u00cdCIO CIRCULAR CGJES N.\u00ba <\/span><span lang=\"pt-BR\">66<\/span><span lang=\"pt-BR\">\/2016<\/span><\/strong><\/p>\n<p style=\"text-align: center;\" align=\"justify\">(<i>Proc. CGJES n.\u00ba <\/i><i>201501223669<\/i>)<\/p>\n<p style=\"text-align: justify;\" align=\"justify\">O Desembargador <strong>RONALDO GON\u00c7ALVES DE SOUSA<\/strong>, Corregedor-Geral da Justi\u00e7a, no uso de suas atribui\u00e7\u00f5es e,<\/p>\n<p style=\"text-align: justify;\" align=\"justify\"><strong>CONSIDERANDO<\/strong> que a Corregedoria Geral da Justi\u00e7a \u00e9 \u00f3rg\u00e3o de fiscaliza\u00e7\u00e3o, disciplina e orienta\u00e7\u00e3o administrativa, com jurisdi\u00e7\u00e3o em todo o Estado, conforme art. 35 da Lei Complementar Estadual n.\u00ba 234\/2002 (COJES);<\/p>\n<p style=\"text-align: justify;\" align=\"justify\"><span lang=\"pt-BR\"><strong>CONSIDERANDO\u00a0<\/strong><\/span><span lang=\"pt-BR\">a demanda <\/span><span lang=\"pt-BR\">apresentada pela\u00a0<\/span><span lang=\"pt-BR\"><i>Secretaria Judici\u00e1ria de Tecnologia da Informa\u00e7\u00e3o (STI)<\/i><\/span><span lang=\"pt-BR\">, a f<\/span><span lang=\"pt-BR\">im de que <\/span><span lang=\"pt-BR\">fosse<\/span><span lang=\"pt-BR\">m adotadas provid\u00eancias no intuito de regularizar as pend\u00eancias identificadas junto \u00e0s unidades judici\u00e1rias em todo o Estado, com rela\u00e7\u00e3o ao cadastramento das \u201cpartes\u201d no sistema e-JUD deste Poder Judici\u00e1rio;<\/span><\/p>\n<p style=\"text-align: justify;\" align=\"justify\"><span lang=\"pt-BR\"><strong>CONSIDERANDO <\/strong><\/span><span lang=\"pt-BR\">have<\/span><span lang=\"pt-BR\">r<\/span><span lang=\"pt-BR\"> a STI reconhecido n<\/span><span lang=\"pt-BR\">esta<\/span><span lang=\"pt-BR\"> ocorr\u00eancia o principal obst\u00e1culo \u00e0 implementa\u00e7\u00e3o com sucesso da ferramenta eletr\u00f4nica de consulta <\/span><span lang=\"pt-BR\"><i>online<\/i><\/span><span lang=\"pt-BR\"> para expedi\u00e7\u00e3o da certid\u00e3o judicial negativa, <\/span><span lang=\"pt-BR\">nos termos d<\/span><span lang=\"pt-BR\">a <a href=\"https:\/\/www.tjes.jus.br\/corregedoria\/index.php\/2016\/10\/11\/resolucao-no-121-de-05102010\/\" target=\"_blank\">Resolu\u00e7\u00e3o n.\u00ba 121, do CNJ<\/a><\/span><span lang=\"pt-BR\">\u00a0e, no plano estadual, o <a href=\"https:\/\/www.tjes.jus.br\/corregedoria\/index.php\/2016\/06\/10\/ato-normativo-no-1972014-disp-25092014\/\" target=\"_blank\">Ato Normativo TJES n.\u00ba 197\/2014<\/a><\/span><span lang=\"pt-BR\">; <\/span><span lang=\"pt-BR\">e<\/span><\/p>\n<p style=\"text-align: justify;\" align=\"justify\"><span lang=\"pt-BR\"><strong>CONSIDERANDO<\/strong><\/span><span lang=\"pt-BR\">, por fim, a delibera\u00e7\u00e3o havida nos autos do <\/span><span lang=\"pt-BR\"><i>Processo CGJES n.\u00ba <\/i><\/span><span lang=\"pt-BR\"><i>201501223669<\/i><\/span><span lang=\"pt-BR\">, no sentido da <\/span><span lang=\"pt-BR\">divulga\u00e7\u00e3o de <\/span><span lang=\"pt-BR\">instru\u00e7\u00f5es aos usu\u00e1rios do sistema.<\/span><\/p>\n<p style=\"text-align: justify;\" align=\"justify\"><span lang=\"pt-BR\"><strong>RECOMENDAR\u00a0<\/strong><\/span><span lang=\"pt-BR\">aos MM. Ju\u00edzes de Direito <\/span><span lang=\"pt-BR\">em todo o Estado <\/span><span lang=\"pt-BR\">que <\/span><span lang=\"pt-BR\">envidem esfor\u00e7os no sentido de promover a regulariza\u00e7\u00e3o d<\/span><span lang=\"pt-BR\">as pend\u00eancias com rela\u00e7\u00e3o ao cadastramento das \u201cpartes\u201d no <\/span><span lang=\"pt-BR\">S<\/span><span lang=\"pt-BR\">istema e-JUD deste Poder Judici\u00e1rio.<\/span><\/p>\n<p style=\"text-align: justify;\" align=\"justify\"><span lang=\"pt-BR\">Para tanto, <\/span><span lang=\"pt-BR\">poder\u00e3o\u00a0<\/span><span lang=\"pt-BR\">acessar,<\/span><span lang=\"pt-BR\"> no menu do Sistema e-JUD, as op\u00e7\u00f5es \u201cConsulta\u201d, \u201cCertid\u00e3o\u201d e \u201cPend\u00eancias de cadastro\u201d, a fim de <\/span><span lang=\"pt-BR\">obterem<\/span><span lang=\"pt-BR\">, para a <\/span><span lang=\"pt-BR\">respectiva<\/span><span lang=\"pt-BR\"> unidade judici\u00e1ria, <\/span><span lang=\"pt-BR\">relat\u00f3rio <\/span><span lang=\"pt-BR\">de processos <\/span><span lang=\"pt-BR\">em tal situa\u00e7\u00e3o.<\/span><\/p>\n<p style=\"text-align: justify;\" align=\"justify\"><span lang=\"pt-BR\">Com vistas<\/span><span lang=\"pt-BR\"> a assegurar o sucesso d<\/span><span lang=\"pt-BR\">os trabalhos<\/span><span lang=\"pt-BR\">, <\/span><span lang=\"pt-BR\">acompanha este ato manual de instru\u00e7\u00f5es aos usu\u00e1rios confeccionado pela STI desta Corte<\/span><span lang=\"pt-BR\">.<\/span><\/p>\n<p style=\"text-align: justify;\" align=\"justify\"><strong>Publique-se.<\/strong><\/p>\n<p align=\"center\"><span lang=\"pt-BR\">Vit\u00f3ria <\/span><span lang=\"pt-BR\">(<\/span><span lang=\"pt-BR\">ES<\/span><span lang=\"pt-BR\">)<\/span><span lang=\"pt-BR\">, <\/span><span lang=\"pt-BR\">29<\/span><span lang=\"pt-BR\"> de <\/span><span lang=\"pt-BR\">setembro\u00a0<\/span><span lang=\"pt-BR\">de 201<\/span><span lang=\"pt-BR\">6<\/span><span lang=\"pt-BR\">.<\/span><\/p>\n<p align=\"center\"><strong>Desembargador <\/strong><strong>RONALDO GON\u00c7ALVES DE SOUSA<br \/>\n<\/strong><strong><span lang=\"pt-BR\">Corregedor-Geral da Justi\u00e7<\/span><span lang=\"pt-BR\">a<\/span><\/strong><\/p>\n<p align=\"center\"><strong><a href=\"https:\/\/www.tjes.jus.br\/corregedoria\/wp-content\/uploads\/2016\/10\/Oficio_Circular_66-2016_Manual.pdf\">MANUAL DE ATUALIZA\u00c7\u00c3O DE PEND\u00caNCIAS NO CADASTRO DE PESSOAS &#8211; CLIQUE AQUI<\/a><\/strong><\/p>\n","protected":false},"excerpt":{"rendered":"<p>ESTADO DO ESP\u00cdRITO SANTO Poder Judici\u00e1rio Corregedoria Geral da Justi\u00e7a OF\u00cdCIO CIRCULAR CGJES N.\u00ba 66\/2016 (Proc. CGJES n.\u00ba 201501223669) O Desembargador RONALDO GON\u00c7ALVES DE SOUSA, Corregedor-Geral da Justi\u00e7a, no uso de suas atribui\u00e7\u00f5es e, CONSIDERANDO que a Corregedoria Geral da Justi\u00e7a \u00e9 \u00f3rg\u00e3o de fiscaliza\u00e7\u00e3o, disciplina e orienta\u00e7\u00e3o administrativa, com jurisdi\u00e7\u00e3o em todo o Estado, [&hellip;]<\/p>\n","protected":false},"author":3,"featured_media":0,"comment_status":"open","ping_status":"open","sticky":false,"template":"","format":"standard","meta":{"footnotes":""},"categories":[14,5],"tags":[],"_links":{"self":[{"href":"https:\/\/www.tjes.jus.br\/corregedoria\/wp-json\/wp\/v2\/posts\/7985"}],"collection":[{"href":"https:\/\/www.tjes.jus.br\/corregedoria\/wp-json\/wp\/v2\/posts"}],"about":[{"href":"https:\/\/www.tjes.jus.br\/corregedoria\/wp-json\/wp\/v2\/types\/post"}],"author":[{"embeddable":true,"href":"https:\/\/www.tjes.jus.br\/corregedoria\/wp-json\/wp\/v2\/users\/3"}],"replies":[{"embeddable":true,"href":"https:\/\/www.tjes.jus.br\/corregedoria\/wp-json\/wp\/v2\/comments?post=7985"}],"version-history":[{"count":4,"href":"https:\/\/www.tjes.jus.br\/corregedoria\/wp-json\/wp\/v2\/posts\/7985\/revisions"}],"predecessor-version":[{"id":8003,"href":"https:\/\/www.tjes.jus.br\/corregedoria\/wp-json\/wp\/v2\/posts\/7985\/revisions\/8003"}],"wp:attachment":[{"href":"https:\/\/www.tjes.jus.br\/corregedoria\/wp-json\/wp\/v2\/media?parent=7985"}],"wp:term":[{"taxonomy":"category","embeddable":true,"href":"https:\/\/www.tjes.jus.br\/corregedoria\/wp-json\/wp\/v2\/categories?post=7985"},{"taxonomy":"post_tag","embeddable":true,"href":"https:\/\/www.tjes.jus.br\/corregedoria\/wp-json\/wp\/v2\/tags?post=7985"}],"curies":[{"name":"wp","href":"https:\/\/api.w.org\/{rel}","templated":true}]}}