{"id":8014,"date":"2016-10-11T13:01:16","date_gmt":"2016-10-11T16:01:16","guid":{"rendered":"https:\/\/www.tjes.jus.br\/corregedoria\/?p=8014"},"modified":"2016-10-11T13:01:16","modified_gmt":"2016-10-11T16:01:16","slug":"provimento-no-322011-disp-01072011","status":"publish","type":"post","link":"https:\/\/www.tjes.jus.br\/corregedoria\/2016\/10\/11\/provimento-no-322011-disp-01072011\/","title":{"rendered":"PROVIMENTO N\u00ba 32\/2011 &#8211; DISP. 01\/07\/2011"},"content":{"rendered":"<p style=\"text-align: center;\"><strong>ESTADO DO ESP\u00cdRITO SANTO<\/strong><\/p>\n<p style=\"text-align: center;\"><strong>PODER JUDICI\u00c1RIO<\/strong><\/p>\n<p style=\"text-align: center;\"><strong>TRIBUNAL DE JUSTI\u00c7A<\/strong><\/p>\n<p style=\"text-align: center;\"><strong>CORREGEDORIA GERAL DA JUSTI\u00c7A<\/strong><\/p>\n<p style=\"text-align: center;\"><strong>PROVIMENTO N\u00ba 32\/2011<\/strong><\/p>\n<p style=\"text-align: justify;\"><strong>Disp\u00f5e sobre o procedimento destinado \u00e0 devolu\u00e7\u00e3o de emolumentos cobrados a maior dos usu\u00e1rios do Foro Extrajudicial do Estado do Esp\u00edrito Santo e inclui o par\u00e1grafo \u00fanico ao artigo 546 ao C\u00f3digo de Normas da Eg. Corregedoria Geral da Justi\u00e7a.<\/strong><\/p>\n<p style=\"text-align: justify;\">O Desembargador <strong>S\u00c9RGIO LUIZ TEIXEIRA GAMA<\/strong>, Corregedor-Geral da Justi\u00e7a, no uso de suas atribui\u00e7\u00f5es e,<\/p>\n<p style=\"text-align: justify;\"><strong>CONSIDERANDO<\/strong> que a Egr\u00e9gia Corregedoria-Geral da Justi\u00e7a \u00e9 \u00f3rg\u00e3o de fiscaliza\u00e7\u00e3o, disciplina e orienta\u00e7\u00e3o administrativa dos Juizados de Direito, com jurisdi\u00e7\u00e3o em todo o Estado, conforme artigo 35 da Lei Complementar Estadual n\u00ba 234\/02;<\/p>\n<p style=\"text-align: justify;\"><strong>CONSIDERANDO<\/strong> que o C\u00f3digo de Normas da Eg. Corregedoria Geral da Justi\u00e7a (Provimento n.\u00ba 029\/2009, publicado no DJES do dia 16\/12\/2009) \u00e9 a principal ferramenta de que disp\u00f5e este \u00f3rg\u00e3o censor para o desempenho de sua miss\u00e3o institucional orientadora;<\/p>\n<p style=\"text-align: justify;\"><strong>CONSIDERANDO<\/strong> que \u00e9 dever dos not\u00e1rios e registradores a devolu\u00e7\u00e3o de emolumentos indevidamente cobrados \u00e0 luz do disposto nos artigos 30, inciso VIII e 31 inciso III da Lei 8.935\/94;<\/p>\n<p style=\"text-align: justify;\"><strong>CONSIDERANDO<\/strong> a necessidade de normatiza\u00e7\u00e3o acerca do correto procedimento referente \u00e0 devolu\u00e7\u00e3o de emolumentos cobrados a maior dos usu\u00e1rios do Foro Extrajudicial do Estado do Esp\u00edrito Santo;<\/p>\n<p style=\"text-align: justify;\"><strong>CONSIDERANDO,<\/strong> por fim, o decidido no expediente CGJ n.\u00ba 1029084;<\/p>\n<p style=\"text-align: justify;\"><strong>RESOLVE:<\/strong><\/p>\n<p style=\"text-align: justify;\"><strong>Art. 1\u00ba. INCLUIR<\/strong> o par\u00e1grafo \u00fanico ao artigo 546 ao C\u00f3digo de Normas da Eg. Corregedoria Geral da Justi\u00e7a, que ter\u00e1 a seguinte reda\u00e7\u00e3o:<\/p>\n<p style=\"text-align: justify; padding-left: 30px;\">\u201c<strong>Art. 546.<br \/>\n<\/strong><strong>Par\u00e1grafo \u00fanico.<\/strong> Quando for constatada diferen\u00e7a a maior no recolhimento de emolumentos, gerando cr\u00e9dito para os usu\u00e1rios do servi\u00e7o, o Juiz Diretor do Foro dever\u00e1:<br \/>\n<strong>I-<\/strong> Determinar que o not\u00e1rio ou registrador adote todas as provid\u00eancias necess\u00e1rias \u00e0 localiza\u00e7\u00e3o da parte, dentro do prazo m\u00e1ximo de 30 (trinta) dias:<br \/>\n<strong>II-<\/strong> Vencido o referido prazo sem a localiza\u00e7\u00e3o da parte, intimar o not\u00e1rio ou registrador, para no prazo de 05 (cinco) dias:<br \/>\n<strong>a)<\/strong> depositar a import\u00e2ncia remanescente na conta \u00fanica do Poder Judici\u00e1rio do Estado do Esp\u00edrito Santo;<br \/>\n<strong>b)<\/strong> juntar o comprovante do dep\u00f3sito no Pedido de Provid\u00eancias respectivo, identificando o(s) titular(es) do(s) cr\u00e9dito(s) e os respectivo(s) valor(es), ficando o referido numer\u00e1rio \u00e0 disposi\u00e7\u00e3o do(s) usu\u00e1rio(s);<\/p>\n<p style=\"text-align: justify;\"><strong>Art. 2\u00ba.<\/strong> Este provimento entrar\u00e1 em vigor na data de sua publica\u00e7\u00e3o.<\/p>\n<p style=\"text-align: justify;\"><strong>Publique-se. Registre-se. Cumpra-se.<\/strong><\/p>\n<p style=\"text-align: justify;\">Vit\u00f3ria\/ES, 16 de junho de 2011.<\/p>\n<p style=\"text-align: center;\"><strong>DES. S\u00c9RGIO LUIZ TEIXEIRA GAMA<br \/>\n<\/strong><strong>Corregedor-Geral da Justi\u00e7a<\/strong><\/p>\n","protected":false},"excerpt":{"rendered":"<p>ESTADO DO ESP\u00cdRITO SANTO PODER JUDICI\u00c1RIO TRIBUNAL DE JUSTI\u00c7A CORREGEDORIA GERAL DA JUSTI\u00c7A PROVIMENTO N\u00ba 32\/2011 Disp\u00f5e sobre o procedimento destinado \u00e0 devolu\u00e7\u00e3o de emolumentos cobrados a maior dos usu\u00e1rios do Foro Extrajudicial do Estado do Esp\u00edrito Santo e inclui o par\u00e1grafo \u00fanico ao artigo 546 ao C\u00f3digo de Normas da Eg. Corregedoria Geral da [&hellip;]<\/p>\n","protected":false},"author":3,"featured_media":0,"comment_status":"open","ping_status":"open","sticky":false,"template":"","format":"standard","meta":{"footnotes":""},"categories":[14,16],"tags":[],"_links":{"self":[{"href":"https:\/\/www.tjes.jus.br\/corregedoria\/wp-json\/wp\/v2\/posts\/8014"}],"collection":[{"href":"https:\/\/www.tjes.jus.br\/corregedoria\/wp-json\/wp\/v2\/posts"}],"about":[{"href":"https:\/\/www.tjes.jus.br\/corregedoria\/wp-json\/wp\/v2\/types\/post"}],"author":[{"embeddable":true,"href":"https:\/\/www.tjes.jus.br\/corregedoria\/wp-json\/wp\/v2\/users\/3"}],"replies":[{"embeddable":true,"href":"https:\/\/www.tjes.jus.br\/corregedoria\/wp-json\/wp\/v2\/comments?post=8014"}],"version-history":[{"count":1,"href":"https:\/\/www.tjes.jus.br\/corregedoria\/wp-json\/wp\/v2\/posts\/8014\/revisions"}],"predecessor-version":[{"id":8015,"href":"https:\/\/www.tjes.jus.br\/corregedoria\/wp-json\/wp\/v2\/posts\/8014\/revisions\/8015"}],"wp:attachment":[{"href":"https:\/\/www.tjes.jus.br\/corregedoria\/wp-json\/wp\/v2\/media?parent=8014"}],"wp:term":[{"taxonomy":"category","embeddable":true,"href":"https:\/\/www.tjes.jus.br\/corregedoria\/wp-json\/wp\/v2\/categories?post=8014"},{"taxonomy":"post_tag","embeddable":true,"href":"https:\/\/www.tjes.jus.br\/corregedoria\/wp-json\/wp\/v2\/tags?post=8014"}],"curies":[{"name":"wp","href":"https:\/\/api.w.org\/{rel}","templated":true}]}}