{"id":802,"date":"2016-06-01T16:32:32","date_gmt":"2016-06-01T19:32:32","guid":{"rendered":"http:\/\/10.99.253.4\/corregedoria\/?p=802"},"modified":"2017-08-01T18:05:54","modified_gmt":"2017-08-01T21:05:54","slug":"ato-normativo-no-3272015-disp-15122015","status":"publish","type":"post","link":"https:\/\/www.tjes.jus.br\/corregedoria\/2016\/06\/01\/ato-normativo-no-3272015-disp-15122015\/","title":{"rendered":"ATO NORMATIVO N\u00ba 327\/2015 &#8211; DISP. 15\/12\/2015"},"content":{"rendered":"<p align=\"CENTER\"><strong>ESTADO DO ESP\u00cdRITO SANTO<\/strong><\/p>\n<p align=\"CENTER\"><strong>PODER JUDICI\u00c1RIO<\/strong><\/p>\n<p align=\"CENTER\"><strong>TRIBUNAL DE JUSTI\u00c7A<\/strong><\/p>\n<p align=\"CENTER\"><strong>ATO NORMATIVO n\u00ba 327\/2015<\/strong><\/p>\n<p align=\"JUSTIFY\">O\u00a0Excelent\u00edssimo\u00a0Senhor Desembargador\u00a0SERGIO BIZZOTTO PESSOA DE MENDON\u00c7A, Presidente do Egr\u00e9gio Tribunal de Justi\u00e7a do Estado do Esp\u00edrito Santo, no uso de suas atribui\u00e7\u00f5es legais, e<\/p>\n<p align=\"JUSTIFY\"><strong>CONSIDERANDO<\/strong>\u00a0 o <a href=\"https:\/\/www.tjes.jus.br\/corregedoria\/index.php\/2016\/06\/07\/ato-normativo-no-0192015-alteracao-disp-10022015\/\" target=\"_blank\" rel=\"noopener noreferrer\">Ato n\u00ba 19\/15<\/a>, que alterou Grupo de Trabalho\u00a0institu\u00eddo para acompanhar o cumprimento das Metas Nacionais do CNJ.<\/p>\n<p align=\"JUSTIFY\"><strong>CONSIDERANDO<\/strong>\u00a0a modifica\u00e7\u00e3o parcial superveniente do quadro de Ju\u00edzes auxiliares desta Presid\u00eancia;<\/p>\n<p><strong>RESOLVE:<\/strong><\/p>\n<p>EXCLUIR A PEDIDO, A PARTIR DE 17\/12\/2015:<\/p>\n<p>I \u2013 JUIZ DE DIREITO DR\u00a0FERNANDO AUGUSTO DE MENDON\u00c7A ROSA<\/p>\n<p><strong>P U B L I Q U E &#8211; S E<\/strong><\/p>\n<p style=\"text-align: center;\"><strong>Vit\u00f3ria-ES, 14 de dezembro de 2015.<\/strong><\/p>\n<p style=\"text-align: center;\" align=\"CENTER\"><strong>Desembargador S\u00c9RGIO BIZZOTTO PESSOA DE MENDON\u00c7A<br \/>\n<\/strong><strong>PRESIDENTE<\/strong><\/p>\n","protected":false},"excerpt":{"rendered":"<p>ESTADO DO ESP\u00cdRITO SANTO PODER JUDICI\u00c1RIO TRIBUNAL DE JUSTI\u00c7A ATO NORMATIVO n\u00ba 327\/2015 O\u00a0Excelent\u00edssimo\u00a0Senhor Desembargador\u00a0SERGIO BIZZOTTO PESSOA DE MENDON\u00c7A, Presidente do Egr\u00e9gio Tribunal de Justi\u00e7a do Estado do Esp\u00edrito Santo, no uso de suas atribui\u00e7\u00f5es legais, e CONSIDERANDO\u00a0 o Ato n\u00ba 19\/15, que alterou Grupo de Trabalho\u00a0institu\u00eddo para acompanhar o cumprimento das Metas Nacionais do [&hellip;]<\/p>\n","protected":false},"author":1,"featured_media":0,"comment_status":"open","ping_status":"open","sticky":false,"template":"","format":"standard","meta":{"footnotes":""},"categories":[4,14],"tags":[],"_links":{"self":[{"href":"https:\/\/www.tjes.jus.br\/corregedoria\/wp-json\/wp\/v2\/posts\/802"}],"collection":[{"href":"https:\/\/www.tjes.jus.br\/corregedoria\/wp-json\/wp\/v2\/posts"}],"about":[{"href":"https:\/\/www.tjes.jus.br\/corregedoria\/wp-json\/wp\/v2\/types\/post"}],"author":[{"embeddable":true,"href":"https:\/\/www.tjes.jus.br\/corregedoria\/wp-json\/wp\/v2\/users\/1"}],"replies":[{"embeddable":true,"href":"https:\/\/www.tjes.jus.br\/corregedoria\/wp-json\/wp\/v2\/comments?post=802"}],"version-history":[{"count":3,"href":"https:\/\/www.tjes.jus.br\/corregedoria\/wp-json\/wp\/v2\/posts\/802\/revisions"}],"predecessor-version":[{"id":17877,"href":"https:\/\/www.tjes.jus.br\/corregedoria\/wp-json\/wp\/v2\/posts\/802\/revisions\/17877"}],"wp:attachment":[{"href":"https:\/\/www.tjes.jus.br\/corregedoria\/wp-json\/wp\/v2\/media?parent=802"}],"wp:term":[{"taxonomy":"category","embeddable":true,"href":"https:\/\/www.tjes.jus.br\/corregedoria\/wp-json\/wp\/v2\/categories?post=802"},{"taxonomy":"post_tag","embeddable":true,"href":"https:\/\/www.tjes.jus.br\/corregedoria\/wp-json\/wp\/v2\/tags?post=802"}],"curies":[{"name":"wp","href":"https:\/\/api.w.org\/{rel}","templated":true}]}}