{"id":8022,"date":"2016-10-11T13:26:32","date_gmt":"2016-10-11T16:26:32","guid":{"rendered":"https:\/\/www.tjes.jus.br\/corregedoria\/?p=8022"},"modified":"2016-10-31T15:53:09","modified_gmt":"2016-10-31T17:53:09","slug":"provimento-no-292011-disp-01072011","status":"publish","type":"post","link":"https:\/\/www.tjes.jus.br\/corregedoria\/2016\/10\/11\/provimento-no-292011-disp-01072011\/","title":{"rendered":"PROVIMENTO N\u00ba 29\/2011 &#8211; DISP. 01\/07\/2011 &#8211; REVOGADO"},"content":{"rendered":"<p style=\"text-align: center;\"><del><strong>ESTADO DO ESP\u00cdRITO SANTO<\/strong><\/del><\/p>\n<p style=\"text-align: center;\"><del><strong>PODER JUDICI\u00c1RIO<\/strong><\/del><\/p>\n<p style=\"text-align: center;\"><del><strong>TRIBUNAL DE JUSTI\u00c7A<\/strong><\/del><\/p>\n<p style=\"text-align: center;\"><del><strong>CORREGEDORIA GERAL DA JUSTI\u00c7A<\/strong><\/del><\/p>\n<p style=\"text-align: center;\"><del><strong>PROVIMENTO N\u00ba 29\/2011<\/strong><\/del><\/p>\n<p><del><strong>Altera a reda\u00e7\u00e3o do par\u00e1grafo 1\u00ba do artigo 567 do C\u00f3digo de Normas da Eg. Corregedoria Geral da Justi\u00e7a.<\/strong><\/del><\/p>\n<p style=\"text-align: justify;\"><del>O Desembargador <strong>S\u00c9RGIO LUIZ TEIXEIRA GAMA<\/strong>, Corregedor-Geral da Justi\u00e7a, no uso de suas atribui\u00e7\u00f5es e,<\/del><\/p>\n<p style=\"text-align: justify;\"><del><strong>CONSIDERANDO<\/strong> que a Egr\u00e9gia Corregedoria-Geral da Justi\u00e7a \u00e9 \u00f3rg\u00e3o de fiscaliza\u00e7\u00e3o, disciplina e orienta\u00e7\u00e3o administrativa dos Juizados de Direito, com jurisdi\u00e7\u00e3o em todo o Estado, conforme artigo 35 da Lei Complementar Estadual n\u00ba 234\/02;<\/del><\/p>\n<p style=\"text-align: justify;\"><del><strong>CONSIDERANDO<\/strong> que o C\u00f3digo de Normas da Eg. Corregedoria Geral da Justi\u00e7a (Provimento n.\u00ba 029\/2009, publicado no DJES do dia 16\/12\/2009) \u00e9 a principal ferramenta de que disp\u00f5e este \u00f3rg\u00e3o censor para o desempenho de sua miss\u00e3o institucional orientadora;<\/del><\/p>\n<p style=\"text-align: justify;\"><del><strong>CONSIDERANDO<\/strong> que o art. 567, \u00a7 1\u00ba, do C\u00f3digo de Normas restringe indevidamente a regra prevista no art. 22 da Lei n.\u00ba 6.015\/73 e artigo 46 da Lei 8.935\/94;<\/del><\/p>\n<p style=\"text-align: justify;\"><del><strong>CONSIDERANDO,<\/strong> por fim, o decidido no expediente CGJ n.\u00ba 1032374;<\/del><\/p>\n<p style=\"text-align: justify;\"><del><strong>RESOLVE<\/strong><\/del><\/p>\n<p style=\"text-align: justify;\"><del><strong>Art. 1\u00ba. ALTERAR<\/strong> o par\u00e1grafo 1\u00ba do artigo 567 do C\u00f3digo de Normas desta Eg. Corregedoria Geral da Justi\u00e7a, que passa a ter a seguinte reda\u00e7\u00e3o:<\/del><\/p>\n<p style=\"text-align: justify; padding-left: 30px;\"><del>\u201c<strong>Art. 567.<\/strong> [&#8230;].<\/del><br \/>\n<del> <strong>\u00a7 1\u00ba<\/strong> Ser\u00e1 permitida a retirada dos livros, pap\u00e9is e documentos da serventia, quando requisitados pelo Corregedor-Geral da Justi\u00e7a e Ju\u00edzes Corregedores para fiscaliza\u00e7\u00e3o durante os trabalhos de correi\u00e7\u00f5es e inspe\u00e7\u00f5es, ou quando requisitados pela autoridade judicial respons\u00e1vel pela fiscaliza\u00e7\u00e3o da serventia, ap\u00f3s constatada a impossibilidade f\u00edsica de realizar a dilig\u00eancia sem retirar livros ou pap\u00e9is da sede do servi\u00e7o.<\/del><br \/>\n<del> <strong>\u00a7 2\u00ba<\/strong> [&#8230;]&#8221;.<\/del><\/p>\n<p style=\"text-align: justify;\"><del><strong>Art. 2\u00ba.<\/strong> Este provimento entrar\u00e1 em vigor na data de sua\u00a0publica\u00e7\u00e3o.<\/del><\/p>\n<p style=\"text-align: justify;\"><del><strong>Publique-se. Registre-se. Cumpra-se.<\/strong><\/del><\/p>\n<p style=\"text-align: justify;\"><del>Vit\u00f3ria\/ES, 31 de maio de 2011.<\/del><\/p>\n<p style=\"text-align: center;\"><del><strong>DES. S\u00c9RGIO LUIZ TEIXEIRA GAMA<\/strong><\/del><br \/>\n<del> <strong>Corregedor-Geral da Justi\u00e7a<\/strong><\/del><\/p>\n<h2 style=\"text-align: center;\"><span style=\"color: #ff0000;\">REVOGADO PELO <a href=\"https:\/\/www.tjes.jus.br\/corregedoria\/index.php\/2016\/10\/10\/provimento-no-392011-disp-02092011\/\" target=\"_blank\">PROVIMENTO N\u00ba 39\/2011<\/a> &#8211; PUBL. EM 02\/09\/2011<\/span><\/h2>\n","protected":false},"excerpt":{"rendered":"<p>ESTADO DO ESP\u00cdRITO SANTO PODER JUDICI\u00c1RIO TRIBUNAL DE JUSTI\u00c7A CORREGEDORIA GERAL DA JUSTI\u00c7A PROVIMENTO N\u00ba 29\/2011 Altera a reda\u00e7\u00e3o do par\u00e1grafo 1\u00ba do artigo 567 do C\u00f3digo de Normas da Eg. Corregedoria Geral da Justi\u00e7a. O Desembargador S\u00c9RGIO LUIZ TEIXEIRA GAMA, Corregedor-Geral da Justi\u00e7a, no uso de suas atribui\u00e7\u00f5es e, CONSIDERANDO que a Egr\u00e9gia Corregedoria-Geral [&hellip;]<\/p>\n","protected":false},"author":3,"featured_media":0,"comment_status":"open","ping_status":"open","sticky":false,"template":"","format":"standard","meta":{"footnotes":""},"categories":[14,16],"tags":[],"_links":{"self":[{"href":"https:\/\/www.tjes.jus.br\/corregedoria\/wp-json\/wp\/v2\/posts\/8022"}],"collection":[{"href":"https:\/\/www.tjes.jus.br\/corregedoria\/wp-json\/wp\/v2\/posts"}],"about":[{"href":"https:\/\/www.tjes.jus.br\/corregedoria\/wp-json\/wp\/v2\/types\/post"}],"author":[{"embeddable":true,"href":"https:\/\/www.tjes.jus.br\/corregedoria\/wp-json\/wp\/v2\/users\/3"}],"replies":[{"embeddable":true,"href":"https:\/\/www.tjes.jus.br\/corregedoria\/wp-json\/wp\/v2\/comments?post=8022"}],"version-history":[{"count":4,"href":"https:\/\/www.tjes.jus.br\/corregedoria\/wp-json\/wp\/v2\/posts\/8022\/revisions"}],"predecessor-version":[{"id":8642,"href":"https:\/\/www.tjes.jus.br\/corregedoria\/wp-json\/wp\/v2\/posts\/8022\/revisions\/8642"}],"wp:attachment":[{"href":"https:\/\/www.tjes.jus.br\/corregedoria\/wp-json\/wp\/v2\/media?parent=8022"}],"wp:term":[{"taxonomy":"category","embeddable":true,"href":"https:\/\/www.tjes.jus.br\/corregedoria\/wp-json\/wp\/v2\/categories?post=8022"},{"taxonomy":"post_tag","embeddable":true,"href":"https:\/\/www.tjes.jus.br\/corregedoria\/wp-json\/wp\/v2\/tags?post=8022"}],"curies":[{"name":"wp","href":"https:\/\/api.w.org\/{rel}","templated":true}]}}