{"id":8030,"date":"2016-10-11T13:37:12","date_gmt":"2016-10-11T16:37:12","guid":{"rendered":"https:\/\/www.tjes.jus.br\/corregedoria\/?p=8030"},"modified":"2017-10-26T14:48:01","modified_gmt":"2017-10-26T16:48:01","slug":"provimento-no-0272011-disp-25052011","status":"publish","type":"post","link":"https:\/\/www.tjes.jus.br\/corregedoria\/2016\/10\/11\/provimento-no-0272011-disp-25052011\/","title":{"rendered":"PROVIMENTO N\u00ba 27\/2011 &#8211; DISP. 25\/05\/2011"},"content":{"rendered":"<p style=\"text-align: center;\"><strong>ESTADO DO ESP\u00cdRITO SANTO<\/strong><\/p>\n<p style=\"text-align: center;\"><strong>PODER JUDICI\u00c1RIO<\/strong><\/p>\n<p style=\"text-align: center;\"><strong>CORREGEDORIA GERAL DA JUSTI\u00c7A<\/strong><\/p>\n<p style=\"text-align: center;\"><strong>PROVIMENTO CGJES N\u00ba 027\/2011<\/strong><\/p>\n<p style=\"text-align: justify;\"><em>Altera o C\u00f3digo de Normas para introduzir inova\u00e7\u00f5es nos arts. 649 e 935, ampliando o prazo de validade da certid\u00e3o de incapacidade civil do alienante de im\u00f3vel; e autorizando a lavratura de certid\u00e3o de \u00f3bito pelas Serventias do Registro Civil de Pessoas Naturais que estejam conveniadas com institui\u00e7\u00f5es de sa\u00fade.<\/em><\/p>\n<p style=\"text-align: justify;\">O Desembargador <strong>S\u00c9RGIO LUIZ TEIXEIRA GAMA<\/strong>, Corregedor-Geral da Justi\u00e7a, no uso de suas atribui\u00e7\u00f5es e,<\/p>\n<p style=\"text-align: justify;\"><strong>CONSIDERANDO<\/strong> ser a Corregedoria Geral da Justi\u00e7a \u00f3rg\u00e3o de fiscaliza\u00e7\u00e3o, disciplina e orienta\u00e7\u00e3o administrativa das serventias do foro extrajudicial, com jurisdi\u00e7\u00e3o em todo o Estado, conforme disposto nos art. 37 da Lei Federal n.\u00ba 8.935\/94, art. 2\u00ba da LC Estadual n.\u00ba 83\/96 e art. 35 da LC Estadual n.\u00ba 234\/02;<\/p>\n<p style=\"text-align: justify;\"><strong>CONSIDERANDO<\/strong> a necessidade de aprimorar a execu\u00e7\u00e3o das atividades do foro extrajudicial com rela\u00e7\u00e3o \u00e0 expedi\u00e7\u00e3o de certid\u00f5es de \u00f3bito, assim como no uso de certid\u00f5es de incapacidade civil no ato de registro de im\u00f3veis alienados;<\/p>\n<p style=\"text-align: justify;\"><strong>CONSIDERANDO<\/strong> a necessidade de disponibilizar maior comodidade aos usu\u00e1rios do servi\u00e7o notarial e registral, sem preju\u00edzo da seguran\u00e7a e transpar\u00eancia em sua confec\u00e7\u00e3o.<\/p>\n<p style=\"text-align: justify;\"><strong>R E S O L V E :<\/strong><\/p>\n<p style=\"text-align: justify;\"><strong>Art. 1\u00ba<\/strong> Alterar o par\u00e1grafo \u00fanico do art. 649 do C\u00f3digo de Normas, que passa a vigorar com a seguinte reda\u00e7\u00e3o:<\/p>\n<p style=\"text-align: justify; padding-left: 30px;\">\u201cArt. 649. (&#8230;.)<br \/>\nPar\u00e1grafo \u00fanico. A certid\u00e3o de que trata o inciso XIV deste artigo, que ter\u00e1 validade de 60 (sessenta) dias, a partir da data de sua expedi\u00e7\u00e3o, ser\u00e1 lavrada conforme o modelo apresentado no ANEXO IX, pelo Registro Civil da sede do domic\u00edlio do alienante do im\u00f3vel nas Comarcas do interior, assim como na hip\u00f3tese do alienante ser domiciliado na Grande Vit\u00f3ria, pelo Registro Civil da sede do Munic\u00edpio onde o mesmo \u00e9 domiciliado.\u201d<\/p>\n<p style=\"text-align: justify;\"><strong>Art. 2\u00ba.<\/strong> Acrescer ao art. 935 do C\u00f3digo de Normas, par\u00e1grafo \u00fanico, com a seguinte reda\u00e7\u00e3o:<\/p>\n<p style=\"text-align: justify; padding-left: 30px;\">\u201cArt. 935. (&#8230;..)<br \/>\nPar\u00e1grafo \u00fanico. As Serventias do Registro Civil de Pessoas Naturais, que firmarem conv\u00eanios em conformidade com o disposto no caput, tamb\u00e9m est\u00e3o autorizadas a emitir certid\u00f5es de \u00f3bito.\u201d<\/p>\n<p style=\"text-align: justify;\"><strong>Art. 3\u00ba &#8211;<\/strong> Este provimento entrar\u00e1 em vigor na data de sua publica\u00e7\u00e3o, revogando o prazo de validade de 30 (trinta) dias das certid\u00f5es de incapacidade civil anteriormente previsto no caput do <a href=\"https:\/\/www.tjes.jus.br\/corregedoria\/index.php\/2016\/10\/13\/provimento-no-202005-disp-18042005\/\" target=\"_blank\" rel=\"noopener\">Provimento n.\u00ba 020\/2005, publicado no dia 18.04.2005<\/a>.<\/p>\n<p style=\"text-align: justify;\"><strong>Publique-se. Registre-se. Cumpra-se.<\/strong><\/p>\n<p style=\"text-align: justify;\">Vit\u00f3ria\/ES, 24 de maio de 2011.<\/p>\n<p style=\"text-align: center;\"><strong>DES. S\u00c9RGIO LUIZ TEIXEIRA GAMA<\/strong><br \/>\n<strong>Corregedor-Geral da Justi\u00e7a<\/strong><\/p>\n","protected":false},"excerpt":{"rendered":"<p>ESTADO DO ESP\u00cdRITO SANTO PODER JUDICI\u00c1RIO CORREGEDORIA GERAL DA JUSTI\u00c7A PROVIMENTO CGJES N\u00ba 027\/2011 Altera o C\u00f3digo de Normas para introduzir inova\u00e7\u00f5es nos arts. 649 e 935, ampliando o prazo de validade da certid\u00e3o de incapacidade civil do alienante de im\u00f3vel; e autorizando a lavratura de certid\u00e3o de \u00f3bito pelas Serventias do Registro Civil de [&hellip;]<\/p>\n","protected":false},"author":3,"featured_media":0,"comment_status":"open","ping_status":"open","sticky":false,"template":"","format":"standard","meta":{"footnotes":""},"categories":[14,16],"tags":[],"_links":{"self":[{"href":"https:\/\/www.tjes.jus.br\/corregedoria\/wp-json\/wp\/v2\/posts\/8030"}],"collection":[{"href":"https:\/\/www.tjes.jus.br\/corregedoria\/wp-json\/wp\/v2\/posts"}],"about":[{"href":"https:\/\/www.tjes.jus.br\/corregedoria\/wp-json\/wp\/v2\/types\/post"}],"author":[{"embeddable":true,"href":"https:\/\/www.tjes.jus.br\/corregedoria\/wp-json\/wp\/v2\/users\/3"}],"replies":[{"embeddable":true,"href":"https:\/\/www.tjes.jus.br\/corregedoria\/wp-json\/wp\/v2\/comments?post=8030"}],"version-history":[{"count":5,"href":"https:\/\/www.tjes.jus.br\/corregedoria\/wp-json\/wp\/v2\/posts\/8030\/revisions"}],"predecessor-version":[{"id":20548,"href":"https:\/\/www.tjes.jus.br\/corregedoria\/wp-json\/wp\/v2\/posts\/8030\/revisions\/20548"}],"wp:attachment":[{"href":"https:\/\/www.tjes.jus.br\/corregedoria\/wp-json\/wp\/v2\/media?parent=8030"}],"wp:term":[{"taxonomy":"category","embeddable":true,"href":"https:\/\/www.tjes.jus.br\/corregedoria\/wp-json\/wp\/v2\/categories?post=8030"},{"taxonomy":"post_tag","embeddable":true,"href":"https:\/\/www.tjes.jus.br\/corregedoria\/wp-json\/wp\/v2\/tags?post=8030"}],"curies":[{"name":"wp","href":"https:\/\/api.w.org\/{rel}","templated":true}]}}