{"id":8037,"date":"2016-10-11T14:00:47","date_gmt":"2016-10-11T17:00:47","guid":{"rendered":"https:\/\/www.tjes.jus.br\/corregedoria\/?p=8037"},"modified":"2016-10-11T14:00:47","modified_gmt":"2016-10-11T17:00:47","slug":"provimento-no-252011-disp-15062011","status":"publish","type":"post","link":"https:\/\/www.tjes.jus.br\/corregedoria\/2016\/10\/11\/provimento-no-252011-disp-15062011\/","title":{"rendered":"PROVIMENTO N\u00ba 25\/2011 &#8211; DISP. 15\/06\/2011"},"content":{"rendered":"<p style=\"text-align: center;\"><strong>ESTADO DO ESP\u00cdRITO SANTO<\/strong><\/p>\n<p style=\"text-align: center;\"><strong>PODER JUDICI\u00c1RIO<\/strong><\/p>\n<p style=\"text-align: center;\"><strong>TRIBUNAL DE JUSTI\u00c7A<\/strong><\/p>\n<p style=\"text-align: center;\"><strong>CORREGEDORIA GERAL DA JUSTI\u00c7A<\/strong><\/p>\n<p style=\"text-align: center;\"><strong>PROVIMENTO N\u00ba 25\/2011<\/strong><\/p>\n<p style=\"text-align: justify;\"><strong>Altera a reda\u00e7\u00e3o do par\u00e1grafo 1\u00ba do artigo 567 do C\u00f3digo de Normas da Eg. Corregedoria Geral da Justi\u00e7a.<\/strong><\/p>\n<p style=\"text-align: justify;\">O Desembargador S\u00c9RGIO LUIZ TEIXEIRA GAMA, Corregedor-Geral da Justi\u00e7a, no uso de suas atribui\u00e7\u00f5es e,<\/p>\n<p style=\"text-align: justify;\"><strong>CONSIDERANDO<\/strong> que a Egr\u00e9gia Corregedoria-Geral da Justi\u00e7a \u00e9 \u00f3rg\u00e3o de fiscaliza\u00e7\u00e3o, disciplina e orienta\u00e7\u00e3o administrativa dos Juizados de Direito, com jurisdi\u00e7\u00e3o em todo o Estado, conforme artigo 35 da Lei Complementar Estadual n\u00ba 234\/02;<\/p>\n<p style=\"text-align: justify;\"><strong>CONSIDERANDO<\/strong> que o C\u00f3digo de Normas da Eg. Corregedoria Geral da Justi\u00e7a (Provimento n.\u00ba 029\/2009, publicado no DJES do dia 16\/12\/2009) \u00e9 a principal ferramenta de que disp\u00f5e este \u00f3rg\u00e3o censor para o desempenho de sua miss\u00e3o institucional orientadora;<\/p>\n<p style=\"text-align: justify;\"><strong>CONSIDERANDO<\/strong> que o art. 567, \u00a7 1\u00ba, do C\u00f3digo de Normas restringe indevidamente a regra prevista no art. 22 da Lei n.\u00ba 6.015\/73 e artigo 46 da Lei 8.935\/94;<\/p>\n<p style=\"text-align: justify;\"><strong>CONSIDERANDO,<\/strong> por fim, o decidido no expediente CGJ n.\u00ba 1032374;<\/p>\n<p style=\"text-align: justify;\"><strong>RESOLVE:<\/strong><\/p>\n<p style=\"text-align: justify;\"><strong>Art. 1\u00ba. ALTERAR<\/strong> o par\u00e1grafo 1\u00ba do artigo 567 do C\u00f3digo de Normas desta Eg. Corregedoria Geral da Justi\u00e7a, que passa a ter a seguinte reda\u00e7\u00e3o:<\/p>\n<p style=\"text-align: justify; padding-left: 30px;\">\u201cArt. 567. [&#8230;].<br \/>\n\u00a7 1\u00ba Ser\u00e1 permitida a retirada dos livros, pap\u00e9is e documentos da serventia, quando requisitados pelo Corregedor-Geral da Justi\u00e7a e Ju\u00edzes Corregedores para fiscaliza\u00e7\u00e3o durante os trabalhos de correi\u00e7\u00f5es e inspe\u00e7\u00f5es, ou quando requisitados pela autoridade judicial respons\u00e1vel pela fiscaliza\u00e7\u00e3o da serventia, ap\u00f3s constatada a impossibilidade f\u00edsica de realizar a dilig\u00eancia sem retirar livros ou pap\u00e9is da sede do servi\u00e7o.<br \/>\n\u00a7 2\u00ba [&#8230;]&#8221;.<\/p>\n<p style=\"text-align: justify;\"><strong>Art. 2\u00ba.<\/strong> Este provimento entrar\u00e1 em vigor na data de sua publica\u00e7\u00e3o.<\/p>\n<p style=\"text-align: justify;\"><strong>Publique-se. Registre-se. Cumpra-se.<\/strong><\/p>\n<p style=\"text-align: justify;\">Vit\u00f3ria\/ES, 31 de maio de 2011.<\/p>\n<p style=\"text-align: center;\"><strong>DES. S\u00c9RGIO LUIZ TEIXEIRA GAMA<\/strong><br \/>\n<strong>Corregedor-Geral da Justi\u00e7a<\/strong><\/p>\n","protected":false},"excerpt":{"rendered":"<p>ESTADO DO ESP\u00cdRITO SANTO PODER JUDICI\u00c1RIO TRIBUNAL DE JUSTI\u00c7A CORREGEDORIA GERAL DA JUSTI\u00c7A PROVIMENTO N\u00ba 25\/2011 Altera a reda\u00e7\u00e3o do par\u00e1grafo 1\u00ba do artigo 567 do C\u00f3digo de Normas da Eg. Corregedoria Geral da Justi\u00e7a. O Desembargador S\u00c9RGIO LUIZ TEIXEIRA GAMA, Corregedor-Geral da Justi\u00e7a, no uso de suas atribui\u00e7\u00f5es e, CONSIDERANDO que a Egr\u00e9gia Corregedoria-Geral [&hellip;]<\/p>\n","protected":false},"author":3,"featured_media":0,"comment_status":"open","ping_status":"open","sticky":false,"template":"","format":"standard","meta":{"footnotes":""},"categories":[14,16],"tags":[],"_links":{"self":[{"href":"https:\/\/www.tjes.jus.br\/corregedoria\/wp-json\/wp\/v2\/posts\/8037"}],"collection":[{"href":"https:\/\/www.tjes.jus.br\/corregedoria\/wp-json\/wp\/v2\/posts"}],"about":[{"href":"https:\/\/www.tjes.jus.br\/corregedoria\/wp-json\/wp\/v2\/types\/post"}],"author":[{"embeddable":true,"href":"https:\/\/www.tjes.jus.br\/corregedoria\/wp-json\/wp\/v2\/users\/3"}],"replies":[{"embeddable":true,"href":"https:\/\/www.tjes.jus.br\/corregedoria\/wp-json\/wp\/v2\/comments?post=8037"}],"version-history":[{"count":1,"href":"https:\/\/www.tjes.jus.br\/corregedoria\/wp-json\/wp\/v2\/posts\/8037\/revisions"}],"predecessor-version":[{"id":8038,"href":"https:\/\/www.tjes.jus.br\/corregedoria\/wp-json\/wp\/v2\/posts\/8037\/revisions\/8038"}],"wp:attachment":[{"href":"https:\/\/www.tjes.jus.br\/corregedoria\/wp-json\/wp\/v2\/media?parent=8037"}],"wp:term":[{"taxonomy":"category","embeddable":true,"href":"https:\/\/www.tjes.jus.br\/corregedoria\/wp-json\/wp\/v2\/categories?post=8037"},{"taxonomy":"post_tag","embeddable":true,"href":"https:\/\/www.tjes.jus.br\/corregedoria\/wp-json\/wp\/v2\/tags?post=8037"}],"curies":[{"name":"wp","href":"https:\/\/api.w.org\/{rel}","templated":true}]}}