{"id":8043,"date":"2016-10-11T14:16:06","date_gmt":"2016-10-11T17:16:06","guid":{"rendered":"https:\/\/www.tjes.jus.br\/corregedoria\/?p=8043"},"modified":"2016-10-11T14:16:06","modified_gmt":"2016-10-11T17:16:06","slug":"provimento-no-222010-disp-17122010","status":"publish","type":"post","link":"https:\/\/www.tjes.jus.br\/corregedoria\/2016\/10\/11\/provimento-no-222010-disp-17122010\/","title":{"rendered":"PROVIMENTO N\u00ba 22\/2010 &#8211; DISP. 17\/12\/2010"},"content":{"rendered":"<p style=\"text-align: center;\"><strong>PODER JUDICI\u00c1RIO DO ESTADO DO ESP\u00cdRITO SANTO<\/strong><\/p>\n<p style=\"text-align: center;\"><strong>CORREGEDORIA GERAL DA JUSTI\u00c7A<\/strong><\/p>\n<p style=\"text-align: center;\"><strong>PROVIMENTO CGJ N\u00ba 022\/2010<\/strong><\/p>\n<p style=\"text-align: justify;\"><strong>Inclui o artigo 1274-A no C\u00f3digo de Normas da Corregedoria-Geral da Justi\u00e7a, para uniformizar a interpreta\u00e7\u00e3o do art. 237-A da Lei n.\u00ba 6.015\/73, acrescido pela Lei n.\u00ba 11.977\/09, no \u00e2mbito das serventias extrajudiciais do Estado do Esp\u00edrito Santo.<\/strong><\/p>\n<p style=\"text-align: justify;\">O Desembargador <strong>S\u00c9RGIO LUIZ TEIXEIRA GAMA<\/strong>, Corregedor-Geral da Justi\u00e7a, no uso de suas atribui\u00e7\u00f5es e,<\/p>\n<p style=\"text-align: justify;\"><strong>CONSIDERANDO<\/strong> que a Corregedoria Geral da Justi\u00e7a \u00e9 \u00f3rg\u00e3o de fiscaliza\u00e7\u00e3o, disciplina e orienta\u00e7\u00e3o administrativa, com jurisdi\u00e7\u00e3o em todo o Estado, conforme art. 2\u00ba da Lei Complementar Estadual n.\u00ba 83\/96 e art. 35 da Lei Complementar Estadual n.\u00ba 234\/02;<\/p>\n<p style=\"text-align: justify;\"><strong>CONSIDERANDO<\/strong> a fundada diverg\u00eancia interpretativa quanto ao alcance do art. 237-A da Lei n.\u00ba 6.015\/73, acrescido pela Lei n.\u00ba 11.977\/09, acarretando grave inseguran\u00e7a jur\u00eddica aos usu\u00e1rios dos servi\u00e7os registrais;<\/p>\n<p style=\"text-align: justify;\"><strong>CONSIDERANDO<\/strong> os diversos argumentos apresentados por ocasi\u00e3o do deslinde do expediente CGJ n.\u00ba 1022805, todos apontando no sentido de que o regime de cobran\u00e7a de emolumentos institu\u00eddo pelo aludido artigo da Lei de Registros P\u00fablicos n\u00e3o se restringe aos empreendimentos imobili\u00e1rios afetos ao Programa Minha Casa Minha Vida (PMCMV).<\/p>\n<p style=\"text-align: justify;\"><strong>RESOLVE:<\/strong><\/p>\n<p style=\"text-align: justify;\"><strong>Art. 1\u00ba &#8211; INCLUIR<\/strong> o artigo 1274-A no C\u00f3digo de Normas da Corregedoria-Geral da Justi\u00e7a, com a seguinte reda\u00e7\u00e3o:<\/p>\n<p style=\"text-align: justify; padding-left: 30px;\">\u201c<strong>Art. 1274-A.<\/strong> Para efeito de c\u00e1lculo dos emolumentos devidos por incorpora\u00e7\u00f5es, conforme o disposto no artigo 237-A da Lei de Registros P\u00fablicos, com a reda\u00e7\u00e3o dada pela Lei n\u00ba 11.977\/09, cada registro ou averba\u00e7\u00e3o que venha a ser requerido entre o registro da incorpora\u00e7\u00e3o e o habite-se ter\u00e1 a cobran\u00e7a de emolumentos sobre estes atos como ato \u00fanico, ainda que tais atos impliquem, al\u00e9m do lan\u00e7amento na matr\u00edcula de origem do im\u00f3vel, tamb\u00e9m o lan\u00e7amento nas matr\u00edculas das demais unidades habitacionais eventualmente abertas.<br \/>\n<strong>Par\u00e1grafo \u00fanico.<\/strong> O presente regime especial de emolumentos n\u00e3o se refere apenas \u00e0s incorpora\u00e7\u00f5es imobili\u00e1rias origin\u00e1rias do Programa Minha Casa Minha Vida (PMCMV), mas de todas as incorpora\u00e7\u00f5es, a partir da vig\u00eancia da Medida Provis\u00f3ria n\u00ba 469, de 26 de mar\u00e7o de 2009.&#8221;<\/p>\n<p style=\"text-align: justify;\"><strong>Art. 2\u00ba &#8211;<\/strong> Este provimento entra em vigor na data da publica\u00e7\u00e3o.<\/p>\n<p style=\"text-align: justify;\"><strong>Publique-se. Registre-se. Cumpra-se.<\/strong><\/p>\n<p style=\"text-align: justify;\">Vit\u00f3ria\/ES, 14 de dezembro de 2010.<\/p>\n<p style=\"text-align: center;\"><strong>DES. S\u00c9RGIO LUIZ TEIXEIRA GAMA<\/strong><br \/>\n<strong>Corregedor-Geral da Justi\u00e7a<\/strong><\/p>\n","protected":false},"excerpt":{"rendered":"<p>PODER JUDICI\u00c1RIO DO ESTADO DO ESP\u00cdRITO SANTO CORREGEDORIA GERAL DA JUSTI\u00c7A PROVIMENTO CGJ N\u00ba 022\/2010 Inclui o artigo 1274-A no C\u00f3digo de Normas da Corregedoria-Geral da Justi\u00e7a, para uniformizar a interpreta\u00e7\u00e3o do art. 237-A da Lei n.\u00ba 6.015\/73, acrescido pela Lei n.\u00ba 11.977\/09, no \u00e2mbito das serventias extrajudiciais do Estado do Esp\u00edrito Santo. O Desembargador [&hellip;]<\/p>\n","protected":false},"author":3,"featured_media":0,"comment_status":"open","ping_status":"open","sticky":false,"template":"","format":"standard","meta":{"footnotes":""},"categories":[14,16],"tags":[],"_links":{"self":[{"href":"https:\/\/www.tjes.jus.br\/corregedoria\/wp-json\/wp\/v2\/posts\/8043"}],"collection":[{"href":"https:\/\/www.tjes.jus.br\/corregedoria\/wp-json\/wp\/v2\/posts"}],"about":[{"href":"https:\/\/www.tjes.jus.br\/corregedoria\/wp-json\/wp\/v2\/types\/post"}],"author":[{"embeddable":true,"href":"https:\/\/www.tjes.jus.br\/corregedoria\/wp-json\/wp\/v2\/users\/3"}],"replies":[{"embeddable":true,"href":"https:\/\/www.tjes.jus.br\/corregedoria\/wp-json\/wp\/v2\/comments?post=8043"}],"version-history":[{"count":1,"href":"https:\/\/www.tjes.jus.br\/corregedoria\/wp-json\/wp\/v2\/posts\/8043\/revisions"}],"predecessor-version":[{"id":8044,"href":"https:\/\/www.tjes.jus.br\/corregedoria\/wp-json\/wp\/v2\/posts\/8043\/revisions\/8044"}],"wp:attachment":[{"href":"https:\/\/www.tjes.jus.br\/corregedoria\/wp-json\/wp\/v2\/media?parent=8043"}],"wp:term":[{"taxonomy":"category","embeddable":true,"href":"https:\/\/www.tjes.jus.br\/corregedoria\/wp-json\/wp\/v2\/categories?post=8043"},{"taxonomy":"post_tag","embeddable":true,"href":"https:\/\/www.tjes.jus.br\/corregedoria\/wp-json\/wp\/v2\/tags?post=8043"}],"curies":[{"name":"wp","href":"https:\/\/api.w.org\/{rel}","templated":true}]}}