{"id":8087,"date":"2016-10-11T16:21:31","date_gmt":"2016-10-11T19:21:31","guid":{"rendered":"https:\/\/www.tjes.jus.br\/corregedoria\/?p=8087"},"modified":"2016-10-14T18:30:30","modified_gmt":"2016-10-14T21:30:30","slug":"provimento-no-082010-disp-17032010","status":"publish","type":"post","link":"https:\/\/www.tjes.jus.br\/corregedoria\/2016\/10\/11\/provimento-no-082010-disp-17032010\/","title":{"rendered":"PROVIMENTO N\u00ba 08\/2010 &#8211; PUBL. EM 17\/03\/2010"},"content":{"rendered":"<p style=\"text-align: center;\"><strong>ESTADO DO ESP\u00cdRITO SANTO<\/strong><\/p>\n<p style=\"text-align: center;\"><strong>PODER JUDICI\u00c1RIO<\/strong><\/p>\n<p style=\"text-align: center;\"><strong>CORREGEDORIA GERAL DA JUSTI\u00c7A<\/strong><\/p>\n<p style=\"text-align: center;\"><strong>PROVIMENTO CGJ N\u00ba 008\/2010<\/strong><\/p>\n<p style=\"text-align: justify;\"><strong>DISCIPLINAR A INDICA\u00c7\u00c3O DOS PREPOSTOS DAS SERVENTIAS DO FORO EXTRAJUDICIAL.<\/strong><\/p>\n<p style=\"text-align: justify;\">O Desembargador S\u00c9RGIO LUIZ TEIXEIRA GAMA, Corregedor-Geral da Justi\u00e7a, no uso de suas atribui\u00e7\u00f5es e,<\/p>\n<p style=\"text-align: justify;\"><strong>CONSIDERANDO<\/strong> que a Corregedoria Geral da Justi\u00e7a \u00e9 \u00f3rg\u00e3o de fiscaliza\u00e7\u00e3o, disciplina e orienta\u00e7\u00e3o administrativa, com jurisdi\u00e7\u00e3o em todo o Estado, conforme art. 2\u00ba da Lei Complementar Estadual n\u00ba 83\/96 e art. 35 da Lei Complementar Estadual n\u00ba 234\/02;<\/p>\n<p style=\"text-align: justify;\"><strong>CONSIDERANDO<\/strong> a recente publica\u00e7\u00e3o do novo C\u00f3digo de Normas, efetivado mediante o <a href=\"https:\/\/www.tjes.jus.br\/corregedoria\/index.php\/2016\/10\/11\/provimento-no-292009-disp-16122009\/\" target=\"_blank\">Provimento n.\u00ba 029\/2009<\/a>, publicado no DJ\/ES do dia 16.12.2009;<\/p>\n<p style=\"text-align: justify;\"><strong>CONSIDERANDO<\/strong> o disposto no caput do art. 20 e no art. 22 da Lei n.\u00ba 8.935\/94;<\/p>\n<p style=\"text-align: justify;\"><strong>CONSIDERANDO<\/strong> o disposto no art. 720 do C\u00f3digo de Normas;<\/p>\n<p style=\"text-align: justify;\"><strong>CONSIDERANDO<\/strong> a derroga\u00e7\u00e3o do art. 185 da LRP pela Lei n.\u00ba 8.935\/94, na parte em que imp\u00f5e a autoriza\u00e7\u00e3o do juiz competente.<\/p>\n<p style=\"text-align: justify;\"><strong>RESOLVE:<\/strong><\/p>\n<p style=\"text-align: justify;\"><strong>Art. 1\u00ba &#8211; INSERIR<\/strong> o art. 539-A ao C\u00f3digo de Normas, com a seguinte reda\u00e7\u00e3o:<\/p>\n<p style=\"text-align: justify; padding-left: 30px;\">\u201c<strong>Art. 539-A.<\/strong> Os not\u00e1rios e oficiais do registro poder\u00e3o, para o desempenho de suas fun\u00e7\u00f5es, contratar escreventes, dentre eles escolhendo os substitutos, e auxiliares como empregados, com remunera\u00e7\u00e3o livremente ajustada e sob regime da legisla\u00e7\u00e3o do trabalho.<br \/>\n<strong>\u00a7 1\u00ba.<\/strong> Caber\u00e1 ao delegat\u00e1rio comunicar ao Juiz Diretor do F\u00f3rum, ou da Vara dos Registros P\u00fablicos onde houver, o escrevente designado para responder pelo respectivo servi\u00e7o nas aus\u00eancias, impedimentos ou suspens\u00f5es do titular, devendo o escrevente designado dispor dos seguintes requisitos pessoais:<br \/>\n<strong>I-<\/strong> nacionalidade brasileira;<br \/>\n<strong>II-<\/strong> capacidade civil;<br \/>\n<strong>III-<\/strong> quita\u00e7\u00e3o com as obriga\u00e7\u00f5es eleitorais e militares;<br \/>\n<strong>IV-<\/strong> ter, pelo menos, 2\u00ba grau completo de escolaridade;<br \/>\n<strong>V-<\/strong> v\u00ednculo empregat\u00edcio formalizado em conformidade com a legisla\u00e7\u00e3o do trabalho.<br \/>\n<strong>\u00a7 2\u00ba.<\/strong> Caber\u00e1 ao Juiz de Direito Diretor do F\u00f3rum, ou da Vara dos Registros P\u00fablicos onde houver, antes de homologar a designa\u00e7\u00e3o que lhe foi encaminhada, examinar se o indicado preenche os requisitos pessoais contantes do par\u00e1grafo anterior.<br \/>\n<strong>\u00a7 3\u00ba.<\/strong> Havendo a homologa\u00e7\u00e3o da indica\u00e7\u00e3o pela autoridade judicial, o delegat\u00e1rio editar\u00e1 Portaria e dar\u00e1 publicidade acerca da designa\u00e7\u00e3o efetivada, afixando-a na Serventia, em local bem vis\u00edvel e franqueado ao p\u00fablico.<br \/>\n<strong>\u00a7 4\u00ba.<\/strong> O delegat\u00e1rio encaminhar\u00e1 c\u00f3pia da Portaria, no prazo de at\u00e9 05 (cinco) dias, \u00e0 Secretaria do Ju\u00edzo e \u00e0 Corregedoria Geral da Justi\u00e7a.<br \/>\n<strong>\u00a7 5\u00ba.<\/strong> Cabe ao escrevente substituto praticar, simultaneamente com o titular, todos os atos concernentes aos servi\u00e7os da unidade, excetuando-se, nas serventias do Tabelionato de Notas, os atos de disposi\u00e7\u00e3o de \u00faltima vontade, assim como substituir o titular em suas f\u00e9rias, faltas, impedimentos e suspei\u00e7\u00f5es.\u201d<\/p>\n<p style=\"text-align: justify;\"><strong>Art. 2\u00ba &#8211;<\/strong> Este provimento entra em vigor na data da publica\u00e7\u00e3o.<\/p>\n<p style=\"text-align: justify;\"><strong>Publique-se. Registre-se. Cumpra-se.<\/strong><\/p>\n<p style=\"text-align: justify;\">De Jo\u00e3o Neiva para Vit\u00f3ria\/ES, 16 de mar\u00e7o de 2010.<\/p>\n<p style=\"text-align: center;\"><strong>DES. S\u00c9RGIO LUIZ TEIXEIRA GAMA<\/strong><br \/>\n<strong>Corregedor-Geral da Justi\u00e7a<\/strong><\/p>\n","protected":false},"excerpt":{"rendered":"<p>ESTADO DO ESP\u00cdRITO SANTO PODER JUDICI\u00c1RIO CORREGEDORIA GERAL DA JUSTI\u00c7A PROVIMENTO CGJ N\u00ba 008\/2010 DISCIPLINAR A INDICA\u00c7\u00c3O DOS PREPOSTOS DAS SERVENTIAS DO FORO EXTRAJUDICIAL. O Desembargador S\u00c9RGIO LUIZ TEIXEIRA GAMA, Corregedor-Geral da Justi\u00e7a, no uso de suas atribui\u00e7\u00f5es e, CONSIDERANDO que a Corregedoria Geral da Justi\u00e7a \u00e9 \u00f3rg\u00e3o de fiscaliza\u00e7\u00e3o, disciplina e orienta\u00e7\u00e3o administrativa, com [&hellip;]<\/p>\n","protected":false},"author":3,"featured_media":0,"comment_status":"open","ping_status":"open","sticky":false,"template":"","format":"standard","meta":{"footnotes":""},"categories":[14,16],"tags":[],"_links":{"self":[{"href":"https:\/\/www.tjes.jus.br\/corregedoria\/wp-json\/wp\/v2\/posts\/8087"}],"collection":[{"href":"https:\/\/www.tjes.jus.br\/corregedoria\/wp-json\/wp\/v2\/posts"}],"about":[{"href":"https:\/\/www.tjes.jus.br\/corregedoria\/wp-json\/wp\/v2\/types\/post"}],"author":[{"embeddable":true,"href":"https:\/\/www.tjes.jus.br\/corregedoria\/wp-json\/wp\/v2\/users\/3"}],"replies":[{"embeddable":true,"href":"https:\/\/www.tjes.jus.br\/corregedoria\/wp-json\/wp\/v2\/comments?post=8087"}],"version-history":[{"count":2,"href":"https:\/\/www.tjes.jus.br\/corregedoria\/wp-json\/wp\/v2\/posts\/8087\/revisions"}],"predecessor-version":[{"id":8399,"href":"https:\/\/www.tjes.jus.br\/corregedoria\/wp-json\/wp\/v2\/posts\/8087\/revisions\/8399"}],"wp:attachment":[{"href":"https:\/\/www.tjes.jus.br\/corregedoria\/wp-json\/wp\/v2\/media?parent=8087"}],"wp:term":[{"taxonomy":"category","embeddable":true,"href":"https:\/\/www.tjes.jus.br\/corregedoria\/wp-json\/wp\/v2\/categories?post=8087"},{"taxonomy":"post_tag","embeddable":true,"href":"https:\/\/www.tjes.jus.br\/corregedoria\/wp-json\/wp\/v2\/tags?post=8087"}],"curies":[{"name":"wp","href":"https:\/\/api.w.org\/{rel}","templated":true}]}}