{"id":8096,"date":"2016-10-11T16:33:40","date_gmt":"2016-10-11T19:33:40","guid":{"rendered":"https:\/\/www.tjes.jus.br\/corregedoria\/?p=8096"},"modified":"2021-04-28T14:22:34","modified_gmt":"2021-04-28T17:22:34","slug":"provimento-no-042010-disp-10022010","status":"publish","type":"post","link":"https:\/\/www.tjes.jus.br\/corregedoria\/2016\/10\/11\/provimento-no-042010-disp-10022010\/","title":{"rendered":"PROVIMENTO N\u00ba 04\/2010 &#8211; PUBL. EM 10\/02\/2010 &#8211; REVOGADO"},"content":{"rendered":"<h2 style=\"text-align: center;\"><strong><span style=\"color: #ff0000;\">REVOGADO PELO\u00a0<a href=\"https:\/\/www.tjes.jus.br\/corregedoria\/2020\/02\/20\/provimento-no-03-2019-disp-19-02-2020-republicacao\/\">PROVIMENTO CGJES N\u00ba 03\/2020<\/a> \u2013 DISP. 19\/02\/2020<\/span><\/strong><\/h2>\n<p>&nbsp;<\/p>\n<p style=\"text-align: center;\"><del><strong>ESTADO DO ESP\u00cdRITO SANTO<\/strong><\/del><\/p>\n<p style=\"text-align: center;\"><del><strong>PODER JUDICI\u00c1RIO<\/strong><\/del><\/p>\n<p style=\"text-align: center;\"><del><strong>CORREGEDORIA GERAL DA JUSTI\u00c7A<\/strong><\/del><\/p>\n<p style=\"text-align: center;\"><del><strong>PROVIMENTO CGJ N\u00ba 004\/2010<\/strong><\/del><\/p>\n<p style=\"text-align: justify;\"><del><strong>Alterar a reda\u00e7\u00e3o do artigo 696 e incisos, do C\u00f3digo de Normas da Corregedoria Geral da Justi\u00e7a.<\/strong><\/del><\/p>\n<p style=\"text-align: justify;\"><del>O Desembargador S\u00c9RGIO LUIZ TEIXEIRA GAMA, Corregedor-Geral da Justi\u00e7a, no uso de suas atribui\u00e7\u00f5es e,<\/del><\/p>\n<p style=\"text-align: justify;\"><del><strong>CONSIDERANDO<\/strong> que a Corregedoria Geral da Justi\u00e7a \u00e9 \u00f3rg\u00e3o de fiscaliza\u00e7\u00e3o, disciplina e orienta\u00e7\u00e3o administrativa, com jurisdi\u00e7\u00e3o em todo o Estado, conforme art. 2\u00ba da Lei Complementar Estadual n\u00ba 83\/96 e art. 35 da Lei Complementar Estadual n\u00ba 234\/02;<\/del><\/p>\n<p style=\"text-align: justify;\"><del><strong>CONSIDERANDO<\/strong> a recente publica\u00e7\u00e3o do novo C\u00f3digo de Normas, efetivado mediante o <a href=\"https:\/\/www.tjes.jus.br\/corregedoria\/index.php\/2016\/10\/11\/provimento-no-292009-disp-16122009\/\" target=\"_blank\" rel=\"noopener\">Provimento n.\u00ba 029\/2009<\/a>, publicado no DJ\/ES do dia 16.12.2009;<\/del><\/p>\n<p style=\"text-align: justify;\"><del><strong>RESOLVE:<\/strong><\/del><\/p>\n<p style=\"text-align: justify;\"><del><strong>Art. 1\u00ba &#8211; ALTERAR<\/strong> a reda\u00e7\u00e3o do caput e dos incisos I,II,III e IV do artigo 696, do C\u00f3digo de Normas, que passa a ser a seguinte:<\/del><\/p>\n<p style=\"text-align: justify; padding-left: 30px;\"><del>\u201c<strong>Art. 696.<\/strong> \u00c9 obrigat\u00f3rio o reconhecimento de firmas por autenticidade nos documentos e pap\u00e9is quando:<\/del><br \/>\n<del><strong>INCISO I &#8211;<\/strong> Houver expressa solicita\u00e7\u00e3o da parte interessada neste sentido;<\/del><br \/>\n<del><strong>INCISO II &#8211;<\/strong> Envolver aliena\u00e7\u00e3o de ve\u00edculos automotores;<\/del><br \/>\n<del><strong>INCISO III &#8211;<\/strong> Envolver autoriza\u00e7\u00e3o para viagem de crian\u00e7as ou adolescentes, nos termos do artigo 2\u00ba, da Resolu\u00e7\u00e3o n.\u00ba 74 do Conselho Nacional de Justi\u00e7a;<\/del><br \/>\n<del><strong>INCISO IV &#8211;<\/strong> Decorrer de exig\u00eancia legal.\u201d<\/del><\/p>\n<p style=\"text-align: justify;\"><del><strong>Art. 2\u00ba- REVOGAR<\/strong> o inciso V, da reda\u00e7\u00e3o original do art. 696.<\/del><\/p>\n<p style=\"text-align: justify;\"><del><strong>Art. 3\u00ba &#8211;<\/strong> Este provimento entra em vigor na data da publica\u00e7\u00e3o.<\/del><\/p>\n<p style=\"text-align: justify;\"><del><strong>Publique-se. Registre-se. Cumpra-se.<\/strong><\/del><\/p>\n<p style=\"text-align: justify;\"><del>De Montanha para Vit\u00f3ria\/ES, 09 de fevereiro de 2010.<\/del><\/p>\n<p style=\"text-align: center;\"><del><strong>DES. S\u00c9RGIO LUIZ TEIXEIRA GAMA<\/strong><\/del><br \/>\n<del><strong>Corregedor-Geral da Justi\u00e7a<\/strong><\/del><\/p>\n","protected":false},"excerpt":{"rendered":"<p>REVOGADO PELO\u00a0PROVIMENTO CGJES N\u00ba 03\/2020 \u2013 DISP. 19\/02\/2020 &nbsp; ESTADO DO ESP\u00cdRITO SANTO PODER JUDICI\u00c1RIO CORREGEDORIA GERAL DA JUSTI\u00c7A PROVIMENTO CGJ N\u00ba 004\/2010 Alterar a reda\u00e7\u00e3o do artigo 696 e incisos, do C\u00f3digo de Normas da Corregedoria Geral da Justi\u00e7a. O Desembargador S\u00c9RGIO LUIZ TEIXEIRA GAMA, Corregedor-Geral da Justi\u00e7a, no uso de suas atribui\u00e7\u00f5es e, [&hellip;]<\/p>\n","protected":false},"author":3,"featured_media":0,"comment_status":"open","ping_status":"open","sticky":false,"template":"","format":"standard","meta":{"footnotes":""},"categories":[14,16],"tags":[],"_links":{"self":[{"href":"https:\/\/www.tjes.jus.br\/corregedoria\/wp-json\/wp\/v2\/posts\/8096"}],"collection":[{"href":"https:\/\/www.tjes.jus.br\/corregedoria\/wp-json\/wp\/v2\/posts"}],"about":[{"href":"https:\/\/www.tjes.jus.br\/corregedoria\/wp-json\/wp\/v2\/types\/post"}],"author":[{"embeddable":true,"href":"https:\/\/www.tjes.jus.br\/corregedoria\/wp-json\/wp\/v2\/users\/3"}],"replies":[{"embeddable":true,"href":"https:\/\/www.tjes.jus.br\/corregedoria\/wp-json\/wp\/v2\/comments?post=8096"}],"version-history":[{"count":3,"href":"https:\/\/www.tjes.jus.br\/corregedoria\/wp-json\/wp\/v2\/posts\/8096\/revisions"}],"predecessor-version":[{"id":31633,"href":"https:\/\/www.tjes.jus.br\/corregedoria\/wp-json\/wp\/v2\/posts\/8096\/revisions\/31633"}],"wp:attachment":[{"href":"https:\/\/www.tjes.jus.br\/corregedoria\/wp-json\/wp\/v2\/media?parent=8096"}],"wp:term":[{"taxonomy":"category","embeddable":true,"href":"https:\/\/www.tjes.jus.br\/corregedoria\/wp-json\/wp\/v2\/categories?post=8096"},{"taxonomy":"post_tag","embeddable":true,"href":"https:\/\/www.tjes.jus.br\/corregedoria\/wp-json\/wp\/v2\/tags?post=8096"}],"curies":[{"name":"wp","href":"https:\/\/api.w.org\/{rel}","templated":true}]}}