{"id":8141,"date":"2016-10-13T12:32:09","date_gmt":"2016-10-13T15:32:09","guid":{"rendered":"https:\/\/www.tjes.jus.br\/corregedoria\/?p=8141"},"modified":"2017-09-11T17:24:10","modified_gmt":"2017-09-11T20:24:10","slug":"provimento-no-122005-disp-22022005","status":"publish","type":"post","link":"https:\/\/www.tjes.jus.br\/corregedoria\/2016\/10\/13\/provimento-no-122005-disp-22022005\/","title":{"rendered":"PROVIMENTO N\u00ba 12\/2005 &#8211; DISP. 22\/02\/2005"},"content":{"rendered":"<p style=\"text-align: center;\"><strong>ESTADO DO ESP\u00cdRITO SANTO<\/strong><\/p>\n<p style=\"text-align: center;\"><strong>PODER JUDICI\u00c1RIO<\/strong><\/p>\n<p style=\"text-align: center;\"><strong>CORREGEDORIA GERAL DA JUSTI\u00c7A<\/strong><\/p>\n<p style=\"text-align: center;\"><strong>PROVIMENTO N\u00ba 012\/2005<\/strong><\/p>\n<p style=\"text-align: justify;\">O EXCELENT\u00cdSSIMO SENHOR CORREGEDOR GERAL DA JUSTI\u00c7A DO ESTADO DO ESP\u00cdRITO SANTO, DESEMBARGADOR FREDERICO GUILHERME PIMENTEL, NO USO DE SUAS ATRIBUI\u00c7\u00d5ES LEGAIS E,<\/p>\n<p style=\"text-align: justify;\"><strong>CONSIDERANDO<\/strong> que a Corregedoria Geral da Justi\u00e7a do Estado do Esp\u00edrito Santo \u00e9 \u00f3rg\u00e3o de fiscaliza\u00e7\u00e3o, disciplina e orienta\u00e7\u00e3o administrativa, com jurisdi\u00e7\u00e3o em todo o Estado, conforme artigo 2\u00ba da Lei Complementar Estadual 83\/96;<\/p>\n<p style=\"text-align: justify;\"><strong>CONSIDERANDO<\/strong> a necessidade de buscar a moderniza\u00e7\u00e3o dos procedimentos inerentes \u00e0s serventias n\u00e3o-oficializadas, de modo a melhor atender a popula\u00e7\u00e3o usu\u00e1ria dos servi\u00e7os prestados;<\/p>\n<p style=\"text-align: justify;\"><strong>CONSIDERANDO<\/strong> a MP 2.200-2 de 24 de agosto de 2001, al\u00e9m do disposto na lei 6.015\/73 em seus artigos 130 e 169, e demais normas atinentes \u00e0 esp\u00e9cie;<\/p>\n<p style=\"text-align: justify;\"><strong>RESOLVE:<\/strong><\/p>\n<p style=\"text-align: justify;\"><strong>Art. 1\u00ba<\/strong> &#8211; Fica autorizado o processamento de documentos em forma eletr\u00f4nica, das aplica\u00e7\u00f5es de suporte e das aplica\u00e7\u00f5es habilitadas que utilizem certificados digitais, bem como a realiza\u00e7\u00e3o de transa\u00e7\u00f5es eletr\u00f4nicas seguras, pelas serventias n\u00e3o-oficializadas do Estado do Esp\u00edrito Santo, em rela\u00e7\u00e3o aos atos de sua compet\u00eancia.<\/p>\n<p style=\"text-align: justify;\">Par\u00e1grafo \u00danico \u2013 Os procedimentos e documentos dever\u00e3o ser produzidos com a utiliza\u00e7\u00e3o de processo de certifica\u00e7\u00e3o disponibilizados pela Infra-Estrutura de Chaves P\u00fablicas Brasileira &#8211; ICP-Brasil, institu\u00eddo pela Medida Provis\u00f3ria 2.200-2 de 24 de agosto de 2001, a fim de conferir-lhes a necess\u00e1ria validade jur\u00eddica prevista pelo art. 10\u00ba, \u00a7 1\u00ba da mesma lei.<\/p>\n<p style=\"text-align: justify;\"><strong>Art. 2\u00ba<\/strong> &#8211; No que concerne ao Registro de T\u00edtulos e Documentos, poder\u00e1 haver o atendimento de demanda oriunda de circunscri\u00e7\u00e3o diversa, sem preju\u00edzo do registro de atos de compet\u00eancia da serventia situada no local em que o ato deva ser praticado.<\/p>\n<p style=\"text-align: justify;\"><strong>Art. 3\u00ba<\/strong> &#8211; A serventia que n\u00e3o detiver a tecnologia necess\u00e1ria para o processamento digital de documentos eletr\u00f4nicos pelo m\u00e9todo ICP-Brasil estar\u00e1 obrigada, mesmo assim, a realizar atos de registro, guarda ou demais atos an\u00e1logos, que necessitem apenas de mera confer\u00eancia por computador, de documentos digitais provenientes de outras serventias, seja na forma de disquetes, cd\u00b4s ou outro meio vi\u00e1vel para a guarda segura de documentos certificados digitalmente.<\/p>\n<p style=\"text-align: justify;\">Par\u00e1grafo \u00danico \u2013 Caso a serventia n\u00e3o possua o programa necess\u00e1rio para a visualiza\u00e7\u00e3o de documentos certificados digitalmente, ficar\u00e1 a cargo do interessado o fornecimento do mesmo.<\/p>\n<p style=\"text-align: justify;\"><strong>Art. 4\u00ba<\/strong> &#8211; A Corregedoria fiscalizar\u00e1 a utiliza\u00e7\u00e3o dos procedimentos de certifica\u00e7\u00e3o digital utilizados na forma deste provimento. Para tanto, as serventias dever\u00e3o manter todos os registros praticados em arquivo eletr\u00f4nico, de forma a possibilitar tal fiscaliza\u00e7\u00e3o.<\/p>\n<p style=\"text-align: justify;\"><strong>Art. 5\u00ba<\/strong> &#8211; Este provimento entra em vigor na data de sua publica\u00e7\u00e3o.<\/p>\n<p style=\"text-align: justify;\"><strong>Publique-se. Registre-se. Cumpra-se.<\/strong><\/p>\n<p style=\"text-align: justify;\">Vit\u00f3ria, 14 de Fevereiro de 2005<\/p>\n<p style=\"text-align: center;\"><strong>DES. FREDERICO GUILHERME PIMENTEL<\/strong><br \/>\n<strong>Corregedor Geral da Justi\u00e7a<\/strong><\/p>\n","protected":false},"excerpt":{"rendered":"<p>ESTADO DO ESP\u00cdRITO SANTO PODER JUDICI\u00c1RIO CORREGEDORIA GERAL DA JUSTI\u00c7A PROVIMENTO N\u00ba 012\/2005 O EXCELENT\u00cdSSIMO SENHOR CORREGEDOR GERAL DA JUSTI\u00c7A DO ESTADO DO ESP\u00cdRITO SANTO, DESEMBARGADOR FREDERICO GUILHERME PIMENTEL, NO USO DE SUAS ATRIBUI\u00c7\u00d5ES LEGAIS E, CONSIDERANDO que a Corregedoria Geral da Justi\u00e7a do Estado do Esp\u00edrito Santo \u00e9 \u00f3rg\u00e3o de fiscaliza\u00e7\u00e3o, disciplina e orienta\u00e7\u00e3o [&hellip;]<\/p>\n","protected":false},"author":3,"featured_media":0,"comment_status":"open","ping_status":"open","sticky":false,"template":"","format":"standard","meta":{"footnotes":""},"categories":[14,16],"tags":[],"_links":{"self":[{"href":"https:\/\/www.tjes.jus.br\/corregedoria\/wp-json\/wp\/v2\/posts\/8141"}],"collection":[{"href":"https:\/\/www.tjes.jus.br\/corregedoria\/wp-json\/wp\/v2\/posts"}],"about":[{"href":"https:\/\/www.tjes.jus.br\/corregedoria\/wp-json\/wp\/v2\/types\/post"}],"author":[{"embeddable":true,"href":"https:\/\/www.tjes.jus.br\/corregedoria\/wp-json\/wp\/v2\/users\/3"}],"replies":[{"embeddable":true,"href":"https:\/\/www.tjes.jus.br\/corregedoria\/wp-json\/wp\/v2\/comments?post=8141"}],"version-history":[{"count":3,"href":"https:\/\/www.tjes.jus.br\/corregedoria\/wp-json\/wp\/v2\/posts\/8141\/revisions"}],"predecessor-version":[{"id":18452,"href":"https:\/\/www.tjes.jus.br\/corregedoria\/wp-json\/wp\/v2\/posts\/8141\/revisions\/18452"}],"wp:attachment":[{"href":"https:\/\/www.tjes.jus.br\/corregedoria\/wp-json\/wp\/v2\/media?parent=8141"}],"wp:term":[{"taxonomy":"category","embeddable":true,"href":"https:\/\/www.tjes.jus.br\/corregedoria\/wp-json\/wp\/v2\/categories?post=8141"},{"taxonomy":"post_tag","embeddable":true,"href":"https:\/\/www.tjes.jus.br\/corregedoria\/wp-json\/wp\/v2\/tags?post=8141"}],"curies":[{"name":"wp","href":"https:\/\/api.w.org\/{rel}","templated":true}]}}