{"id":815,"date":"2016-06-01T16:35:00","date_gmt":"2016-06-01T19:35:00","guid":{"rendered":"http:\/\/10.99.253.4\/corregedoria\/?p=815"},"modified":"2017-07-05T17:22:10","modified_gmt":"2017-07-05T20:22:10","slug":"ato-normativo-no-3242015","status":"publish","type":"post","link":"https:\/\/www.tjes.jus.br\/corregedoria\/2016\/06\/01\/ato-normativo-no-3242015\/","title":{"rendered":"ATO NORMATIVO N\u00ba 324\/2015 &#8211; DISP. 15\/12\/2015"},"content":{"rendered":"<p style=\"text-align: center;\" align=\"center\"><strong>ESTADO DO ESP\u00cdRITO SANTO<\/strong><\/p>\n<p style=\"text-align: center;\" align=\"center\"><strong>PODER JUDICI\u00c1RIO<\/strong><\/p>\n<p style=\"text-align: center;\" align=\"center\"><strong>TRIBUNAL DE JUSTI\u00c7A<\/strong><\/p>\n<p style=\"text-align: center;\" align=\"center\"><strong>ATO NORMATIVO N\u00ba 324\/2015<\/strong><\/p>\n<p style=\"text-align: justify;\">O Excelent\u00edssimo Senhor Desembargador SERGIO BIZZOTTO PESSOA DE MENDON\u00c7A, Presidente do Egr\u00e9gio Tribunal de Justi\u00e7a do Estado do Esp\u00edrito Santo, no uso de suas atribui\u00e7\u00f5es legais, e<\/p>\n<p style=\"text-align: justify;\"><strong>CONSIDERANDO<\/strong> o <a href=\"https:\/\/www.tjes.jus.br\/corregedoria\/index.php\/2016\/06\/07\/altera-ato-normativo-no-0172015-disp-10022015-alterado\/\" target=\"_blank\" rel=\"noopener noreferrer\">Ato Normativo 17\/15<\/a>, que alterou a composi\u00e7\u00e3o do Gabinete de Crise institu\u00eddo para o enfrentamento e solu\u00e7\u00e3o de situa\u00e7\u00f5es decorrentes de calamidade e ou desastres ambientais no territ\u00f3rio esp\u00edrito-santense, para o Bi\u00eanio 2014\/2015;<\/p>\n<p style=\"text-align: justify;\"><strong>CONSIDERANDO<\/strong> a modifica\u00e7\u00e3o parcial superveniente do quadro de Ju\u00edzes auxiliares desta Presid\u00eancia;<\/p>\n<p style=\"text-align: justify;\"><strong>RESOLVE:<\/strong><\/p>\n<p style=\"text-align: justify;\"><strong>EXCLUIR A PEDIDO<\/strong>, A PARTIR DE 17\/12\/2015:<\/p>\n<p style=\"text-align: justify;\">Dr. Fernando Augusto de Mendon\u00e7a Rosa;<\/p>\n<p style=\"text-align: justify;\"><strong>P U B L I Q U E &#8211; S E<\/strong><\/p>\n<p style=\"text-align: justify;\" align=\"center\"><strong>Vit\u00f3ria-ES, 14 de dezembro de 2015.<\/strong><\/p>\n<p style=\"text-align: center;\" align=\"center\"><strong>Desembargador S\u00c9RGIO BIZZOTTO PESSOA DE MENDON\u00c7A<br \/>\nPRESIDENTE<\/strong><\/p>\n","protected":false},"excerpt":{"rendered":"<p>ESTADO DO ESP\u00cdRITO SANTO PODER JUDICI\u00c1RIO TRIBUNAL DE JUSTI\u00c7A ATO NORMATIVO N\u00ba 324\/2015 O Excelent\u00edssimo Senhor Desembargador SERGIO BIZZOTTO PESSOA DE MENDON\u00c7A, Presidente do Egr\u00e9gio Tribunal de Justi\u00e7a do Estado do Esp\u00edrito Santo, no uso de suas atribui\u00e7\u00f5es legais, e CONSIDERANDO o Ato Normativo 17\/15, que alterou a composi\u00e7\u00e3o do Gabinete de Crise institu\u00eddo para [&hellip;]<\/p>\n","protected":false},"author":1,"featured_media":0,"comment_status":"open","ping_status":"open","sticky":false,"template":"","format":"standard","meta":{"footnotes":""},"categories":[4,14],"tags":[],"_links":{"self":[{"href":"https:\/\/www.tjes.jus.br\/corregedoria\/wp-json\/wp\/v2\/posts\/815"}],"collection":[{"href":"https:\/\/www.tjes.jus.br\/corregedoria\/wp-json\/wp\/v2\/posts"}],"about":[{"href":"https:\/\/www.tjes.jus.br\/corregedoria\/wp-json\/wp\/v2\/types\/post"}],"author":[{"embeddable":true,"href":"https:\/\/www.tjes.jus.br\/corregedoria\/wp-json\/wp\/v2\/users\/1"}],"replies":[{"embeddable":true,"href":"https:\/\/www.tjes.jus.br\/corregedoria\/wp-json\/wp\/v2\/comments?post=815"}],"version-history":[{"count":3,"href":"https:\/\/www.tjes.jus.br\/corregedoria\/wp-json\/wp\/v2\/posts\/815\/revisions"}],"predecessor-version":[{"id":16553,"href":"https:\/\/www.tjes.jus.br\/corregedoria\/wp-json\/wp\/v2\/posts\/815\/revisions\/16553"}],"wp:attachment":[{"href":"https:\/\/www.tjes.jus.br\/corregedoria\/wp-json\/wp\/v2\/media?parent=815"}],"wp:term":[{"taxonomy":"category","embeddable":true,"href":"https:\/\/www.tjes.jus.br\/corregedoria\/wp-json\/wp\/v2\/categories?post=815"},{"taxonomy":"post_tag","embeddable":true,"href":"https:\/\/www.tjes.jus.br\/corregedoria\/wp-json\/wp\/v2\/tags?post=815"}],"curies":[{"name":"wp","href":"https:\/\/api.w.org\/{rel}","templated":true}]}}