{"id":8196,"date":"2016-10-13T15:01:54","date_gmt":"2016-10-13T18:01:54","guid":{"rendered":"https:\/\/www.tjes.jus.br\/corregedoria\/?p=8196"},"modified":"2018-03-01T17:33:01","modified_gmt":"2018-03-01T20:33:01","slug":"oficio-circular-no-302016-disp-08062016","status":"publish","type":"post","link":"https:\/\/www.tjes.jus.br\/corregedoria\/2016\/10\/13\/oficio-circular-no-302016-disp-08062016\/","title":{"rendered":"OF\u00cdCIO-CIRCULAR N\u00ba 30\/2016 &#8211; DISP. 08\/06\/2016"},"content":{"rendered":"<p align=\"center\"><strong>ESTADO DO ESP\u00cdRITO SANTO<\/strong><\/p>\n<p align=\"center\"><strong>PODER JUDICI\u00c1RIO<\/strong><\/p>\n<p align=\"center\"><strong>CORREGEDORIA GERAL DA JUSTI\u00c7A<\/strong><\/p>\n<p style=\"text-align: center;\" align=\"justify\"><strong>OF\u00cdCIO-CIRCULAR N\u00ba <\/strong><strong>30<\/strong><strong>\/201<\/strong><strong>6<\/strong><\/p>\n<p align=\"justify\">REF. PROC. CGJES N\u00ba 201500619101<\/p>\n<p align=\"justify\">O Exmo. Sr. Desembargador Corregedor-Geral da Justi\u00e7a do Estado do Esp\u00edrito Santo, no uso de suas atribui\u00e7\u00f5es legais e:<\/p>\n<p align=\"justify\"><strong>CONSIDERANDO <\/strong>ser a Corregedoria-Geral da Justi\u00e7a \u00d3rg\u00e3o de fiscaliza\u00e7\u00e3o, disciplina e orienta\u00e7\u00e3o administrativa com jurisdi\u00e7\u00e3o em todo o Estado, conforme art. 35 da Lei Complementar Estadual n\u00ba 234\/02.<\/p>\n<p align=\"justify\"><strong>CONSIDERANDO <\/strong>o disposto no artigo 7\u00ba da Lei 11.419\/2016, segundo o qual todas as comunica\u00e7\u00f5es oficiais que transitem entre \u00f3rg\u00e3os do Poder Judici\u00e1rio e entre os deste e os dos demais Poderes ser\u00e3o preferencialmente realizadas por meio eletr\u00f4nico;<\/p>\n<p align=\"justify\"><strong>CONSIDERANDO <\/strong>que a Recomenda\u00e7\u00e3o CNJ n\u00ba 51\/2015 orienta a todos os magistrados que utilizem exclusivamente os sistemas Bacenjud, Renajud e Infojud para transmiss\u00e3o de ordens judicias ao Banco Central do Brasil, Departamento Nacional de Tr\u00e2nsito e Receita Federal, respectivamente.<\/p>\n<p align=\"justify\"><strong>RESOLVE:<\/strong><\/p>\n<p align=\"justify\"><strong>DAR CI\u00caNCIA <\/strong><strong>e DETERMINAR\u00a0<\/strong>aos MM. Ju\u00edzes de Direto do Estado do Esp\u00edrito Santo que observem a Recomenda\u00e7\u00e3o n\u00ba 51\/2015 do Conselho Nacional de Justi\u00e7a, especialmente a recomenda\u00e7\u00e3o para que utilizem exclusivamente os sistemas Bacenjud, Renajud e Infojud para transmiss\u00e3o de ordens judicias ao Banco Central do Brasil, Departamento Nacional de Tr\u00e2nsito e Receita Federal, respectivamente.<\/p>\n<p align=\"justify\"><strong>Publique-se. Cumpra-se.<\/strong><\/p>\n<p align=\"justify\"><strong>Vit\u00f3ria-ES, <\/strong><strong>31<\/strong><strong> de <\/strong><strong>ma<\/strong><strong>io<\/strong><strong> de 201<\/strong><strong>6<\/strong><strong>.<\/strong><\/p>\n<p align=\"center\"><strong>D<\/strong><strong>esembargador <\/strong><strong>RONALDO GON\u00c7ALVES DE SOUSA<br \/>\n<\/strong><strong>C<\/strong><strong>orregedor Geral da Justi\u00e7a<\/strong><\/p>\n","protected":false},"excerpt":{"rendered":"<p>ESTADO DO ESP\u00cdRITO SANTO PODER JUDICI\u00c1RIO CORREGEDORIA GERAL DA JUSTI\u00c7A OF\u00cdCIO-CIRCULAR N\u00ba 30\/2016 REF. PROC. CGJES N\u00ba 201500619101 O Exmo. Sr. Desembargador Corregedor-Geral da Justi\u00e7a do Estado do Esp\u00edrito Santo, no uso de suas atribui\u00e7\u00f5es legais e: CONSIDERANDO ser a Corregedoria-Geral da Justi\u00e7a \u00d3rg\u00e3o de fiscaliza\u00e7\u00e3o, disciplina e orienta\u00e7\u00e3o administrativa com jurisdi\u00e7\u00e3o em todo o [&hellip;]<\/p>\n","protected":false},"author":3,"featured_media":0,"comment_status":"open","ping_status":"open","sticky":false,"template":"","format":"standard","meta":{"footnotes":""},"categories":[14,5],"tags":[],"_links":{"self":[{"href":"https:\/\/www.tjes.jus.br\/corregedoria\/wp-json\/wp\/v2\/posts\/8196"}],"collection":[{"href":"https:\/\/www.tjes.jus.br\/corregedoria\/wp-json\/wp\/v2\/posts"}],"about":[{"href":"https:\/\/www.tjes.jus.br\/corregedoria\/wp-json\/wp\/v2\/types\/post"}],"author":[{"embeddable":true,"href":"https:\/\/www.tjes.jus.br\/corregedoria\/wp-json\/wp\/v2\/users\/3"}],"replies":[{"embeddable":true,"href":"https:\/\/www.tjes.jus.br\/corregedoria\/wp-json\/wp\/v2\/comments?post=8196"}],"version-history":[{"count":3,"href":"https:\/\/www.tjes.jus.br\/corregedoria\/wp-json\/wp\/v2\/posts\/8196\/revisions"}],"predecessor-version":[{"id":23053,"href":"https:\/\/www.tjes.jus.br\/corregedoria\/wp-json\/wp\/v2\/posts\/8196\/revisions\/23053"}],"wp:attachment":[{"href":"https:\/\/www.tjes.jus.br\/corregedoria\/wp-json\/wp\/v2\/media?parent=8196"}],"wp:term":[{"taxonomy":"category","embeddable":true,"href":"https:\/\/www.tjes.jus.br\/corregedoria\/wp-json\/wp\/v2\/categories?post=8196"},{"taxonomy":"post_tag","embeddable":true,"href":"https:\/\/www.tjes.jus.br\/corregedoria\/wp-json\/wp\/v2\/tags?post=8196"}],"curies":[{"name":"wp","href":"https:\/\/api.w.org\/{rel}","templated":true}]}}