{"id":8245,"date":"2016-10-13T17:31:52","date_gmt":"2016-10-13T20:31:52","guid":{"rendered":"https:\/\/www.tjes.jus.br\/corregedoria\/?p=8245"},"modified":"2017-09-13T14:57:11","modified_gmt":"2017-09-13T17:57:11","slug":"provimento-n-072006-disp-06122006","status":"publish","type":"post","link":"https:\/\/www.tjes.jus.br\/corregedoria\/2016\/10\/13\/provimento-n-072006-disp-06122006\/","title":{"rendered":"PROVIMENTO N\u00ba 07\/2006 &#8211; PUBL. 06\/12\/2006"},"content":{"rendered":"<p style=\"text-align: center;\"><strong>PODER JUDICI\u00c1RIO DO ESTADO DO ESP\u00cdRITO SANTO<\/strong><\/p>\n<p style=\"text-align: center;\"><strong>CORREGEDORIA GERAL DA JUSTI\u00c7A<\/strong><\/p>\n<p style=\"text-align: center;\"><strong>PROVIMENTO N\u00ba 07\/2006<\/strong><\/p>\n<p style=\"text-align: justify;\">O Exm\u00ba. Sr. Desembargador MANOEL ALVES RABELO, corregedor geral da justi\u00e7a do estado do esp\u00edrito santo, no exerc\u00edcio de suas atribui\u00e7\u00f5es legais.<\/p>\n<p style=\"text-align: justify;\"><strong>CONSIDERANDO<\/strong> que a Corregedoria Geral da Justi\u00e7a do Estado do Esp\u00edrito Santo \u00e9 \u00f3rg\u00e3o de fiscaliza\u00e7\u00e3o, disciplina e orienta\u00e7\u00e3o administrativa, com jurisdi\u00e7\u00e3o em todo Estado, conforme artigo 2\u00ba da lei complementar estadual 83\/96;<\/p>\n<p style=\"text-align: justify;\"><strong>CONSIDERANDO<\/strong> que os servi\u00e7os notariais e de registro s\u00e3o destinados a assegurar publicidade, autenticidade, seguran\u00e7a e efic\u00e1cia dos atos jur\u00eddicos, competindo ao Poder Judici\u00e1rio zelar para que sejam prestados com celeridade, qualidade e efici\u00eancia, conforme disposto nos art.s 1\u00ba e 38 da Lei Federal n.\u00ba 8.935\/94, adotando, sempre que necess\u00e1rio, as provid\u00eancias adequadas para resguardar o interesse p\u00fablico;<\/p>\n<p style=\"text-align: justify;\"><strong>CONSIDERANDO<\/strong> o art. 3\u00ba, da Lei Estadual n.\u00ba 7.959\/04, publicado no Di\u00e1rio Oficial em 20 de dezembro de 2004, que atribuiu \u00e0 Corregedoria Geral da Justi\u00e7a compet\u00eancia, por ato pr\u00f3prio, baixar as instru\u00e7\u00f5es normativas necess\u00e1rias complementares \u00e0 operacionalidade e funcionalidade da implementa\u00e7\u00e3o do mecanismo de fiscaliza\u00e7\u00e3o;<\/p>\n<p style=\"text-align: justify;\">Considerando a necessidade de gerar meios que facilitem o cumprimento do disposto no art. 498 do C\u00f3digo de Normas;<\/p>\n<p style=\"text-align: justify;\"><strong>RESOLVE<\/strong><\/p>\n<p style=\"text-align: justify;\"><strong>Art. 1\u00ba<\/strong> &#8211; <strong>DETERMINAR<\/strong> que a partir do dia 2 de janeiro de 2007, o relat\u00f3rio de SELOS DE FISCALIZA\u00c7\u00c3O UTILIZADOS pelas serventias extrajudiciais seja lan\u00e7ado on-line, pela internet no endere\u00e7o www.cgj.es.gov.br.<\/p>\n<p style=\"text-align: justify;\"><strong>Art. 2\u00ba<\/strong> &#8211; <strong>DETERMINAR<\/strong> aos Titulares dos servi\u00e7os notariais e de registro, que n\u00e3o tenham a senha de acesso, que a solicitem no endere\u00e7o selos@cgj.es.gov.br, podendo o titular nomear prepostos, al\u00e9m do pr\u00f3prio, bastando informar o nome completo, CPF e e-mail juntamente com os dados da serventia.<\/p>\n<p style=\"text-align: justify;\"><strong>Art. 3\u00ba <\/strong>&#8211; Os SELOS DE FISCALIZA\u00c7\u00c3O INUTILIZADOS devem ser encaminhados a Corregedoria Geral da Justi\u00e7a, acompanhados com o devido relat\u00f3rio preenchido no m\u00eas subseq\u00fcente.<\/p>\n<p style=\"text-align: justify;\"><strong>Art. 4\u00ba <\/strong>&#8211; Este provimento entra em vigor na data de sua publica\u00e7\u00e3o.<\/p>\n<p style=\"text-align: justify;\"><strong>Art. 5\u00ba <\/strong>&#8211; Revogam-se as disposi\u00e7\u00f5es em contr\u00e1rio.<\/p>\n<p style=\"text-align: justify;\"><strong>REGISTRE-SE.<\/strong><\/p>\n<p style=\"text-align: justify;\"><strong>PUBLIQUE-SE.<\/strong><\/p>\n<p style=\"text-align: justify;\"><strong>CUMPRA-SE.<\/strong><\/p>\n<p style=\"text-align: justify;\">Vit\u00f3ria, 04 de dezembro de 2006.<\/p>\n<p style=\"text-align: center;\"><strong>DES. MANOEL ALVES RABELO<\/strong><br \/>\n<strong>CORREGEDOR GERAL DA JUSTI\u00c7A<\/strong><\/p>\n","protected":false},"excerpt":{"rendered":"<p>PODER JUDICI\u00c1RIO DO ESTADO DO ESP\u00cdRITO SANTO CORREGEDORIA GERAL DA JUSTI\u00c7A PROVIMENTO N\u00ba 07\/2006 O Exm\u00ba. Sr. Desembargador MANOEL ALVES RABELO, corregedor geral da justi\u00e7a do estado do esp\u00edrito santo, no exerc\u00edcio de suas atribui\u00e7\u00f5es legais. CONSIDERANDO que a Corregedoria Geral da Justi\u00e7a do Estado do Esp\u00edrito Santo \u00e9 \u00f3rg\u00e3o de fiscaliza\u00e7\u00e3o, disciplina e orienta\u00e7\u00e3o [&hellip;]<\/p>\n","protected":false},"author":3,"featured_media":0,"comment_status":"open","ping_status":"open","sticky":false,"template":"","format":"standard","meta":{"footnotes":""},"categories":[14,16],"tags":[],"_links":{"self":[{"href":"https:\/\/www.tjes.jus.br\/corregedoria\/wp-json\/wp\/v2\/posts\/8245"}],"collection":[{"href":"https:\/\/www.tjes.jus.br\/corregedoria\/wp-json\/wp\/v2\/posts"}],"about":[{"href":"https:\/\/www.tjes.jus.br\/corregedoria\/wp-json\/wp\/v2\/types\/post"}],"author":[{"embeddable":true,"href":"https:\/\/www.tjes.jus.br\/corregedoria\/wp-json\/wp\/v2\/users\/3"}],"replies":[{"embeddable":true,"href":"https:\/\/www.tjes.jus.br\/corregedoria\/wp-json\/wp\/v2\/comments?post=8245"}],"version-history":[{"count":3,"href":"https:\/\/www.tjes.jus.br\/corregedoria\/wp-json\/wp\/v2\/posts\/8245\/revisions"}],"predecessor-version":[{"id":18492,"href":"https:\/\/www.tjes.jus.br\/corregedoria\/wp-json\/wp\/v2\/posts\/8245\/revisions\/18492"}],"wp:attachment":[{"href":"https:\/\/www.tjes.jus.br\/corregedoria\/wp-json\/wp\/v2\/media?parent=8245"}],"wp:term":[{"taxonomy":"category","embeddable":true,"href":"https:\/\/www.tjes.jus.br\/corregedoria\/wp-json\/wp\/v2\/categories?post=8245"},{"taxonomy":"post_tag","embeddable":true,"href":"https:\/\/www.tjes.jus.br\/corregedoria\/wp-json\/wp\/v2\/tags?post=8245"}],"curies":[{"name":"wp","href":"https:\/\/api.w.org\/{rel}","templated":true}]}}