{"id":8262,"date":"2016-10-14T13:10:59","date_gmt":"2016-10-14T16:10:59","guid":{"rendered":"https:\/\/www.tjes.jus.br\/corregedoria\/?p=8262"},"modified":"2016-10-14T13:15:25","modified_gmt":"2016-10-14T16:15:25","slug":"provimento-no-092006-disp-07122006","status":"publish","type":"post","link":"https:\/\/www.tjes.jus.br\/corregedoria\/2016\/10\/14\/provimento-no-092006-disp-07122006\/","title":{"rendered":"PROVIMENTO N\u00ba 09\/2006 &#8211; PUBL. 07\/12\/2006"},"content":{"rendered":"<p style=\"text-align: center;\"><strong>PODER JUDICI\u00c1RIO DO ESTADO DO ESP\u00cdRITO SANTO<\/strong><\/p>\n<p style=\"text-align: center;\"><strong>CORREGEDORIA GERAL DA JUSTI\u00c7A<\/strong><\/p>\n<p style=\"text-align: center;\"><strong>PROVIMENTO N\u00ba 09\/2006<\/strong><\/p>\n<p style=\"text-align: justify;\">O EXCELENT\u00cdSSIMO SENHOR CORREGEDOR-GERAL DA JUSTI\u00c7A DO ESTADO DO ESP\u00cdRITO SANTO, DESEMBARGADOR MANOEL ALVES RABELO, NO USO DE SUAS ATRIBUI\u00c7\u00d5ES LEGAIS E,<\/p>\n<p style=\"text-align: justify;\"><strong>CONSIDERANDO<\/strong> que a Corregedoria Geral da Justi\u00e7a do Estado do Esp\u00edrito Santo \u00e9 \u00f3rg\u00e3o de fiscaliza\u00e7\u00e3o, disciplina e orienta\u00e7\u00e3o administrativa, com jurisdi\u00e7\u00e3o em todo o Estado, conforme artigo 2\u00ba da Lei Complementar Estadual 83\/96,<\/p>\n<p style=\"text-align: justify;\"><strong>CONSIDERANDO<\/strong> a necessidade de buscar a padroniza\u00e7\u00e3o de procedimentos referentes aos atos das serventias n\u00e3o-oficializadas, especialmente no que concerne ao registro de empresas, entidades e escrit\u00f3rios t\u00e9cnicos que exploram sob qualquer forma, atividades de Administrador,<\/p>\n<p style=\"text-align: justify;\"><strong>CONSIDERANDO<\/strong> as disposi\u00e7\u00f5es contidas na Lei 4.769\/65, regulamentada pelo Decreto N\u00ba 61.934\/67, relativas \u00e0s atividades privativas dos profissionais inscritos regularmente nos Conselhos Regionais de Administra\u00e7\u00e3o,<\/p>\n<p style=\"text-align: justify;\"><strong>RESOLVE:<\/strong><\/p>\n<p style=\"text-align: justify;\"><strong>Art. 1\u00ba.<\/strong> Determinar aos Srs. Oficiais dos Cart\u00f3rios de Registro de Pessoas Jur\u00eddicas do Estado do Esp\u00edrito Santo que condicionem os pedidos de registro de empresas, entidades e escrit\u00f3rios t\u00e9cnicos que exploram, sob qualquer forma, atividades privativas do campo de atua\u00e7\u00e3o do Profissional Administrador, ao in\u00edcio do processo de registro dessas no CRA\/ES, atendendo assim, \u00e0 Lei 4.769\/65.<\/p>\n<p style=\"text-align: justify;\"><strong>Par\u00e1grafo 1\u00ba.<\/strong> Para que se fa\u00e7a cumprir o estabelecido neste artigo, os Srs. Oficiais dos Cart\u00f3rios de Registro de Pessoas Jur\u00eddicas do Estado do Esp\u00edrito Santo, orientar\u00e3o essas empresas, entidades e escrit\u00f3rios t\u00e9cnicos a dirigirem-se ao CRA\/ES, a fim de iniciarem o processo de registro no referido Conselho, quando receber\u00e3o uma Certid\u00e3o, comprovando assim, estarem aptas a procederem aos seus registros nos respectivos Cart\u00f3rios.<\/p>\n<p style=\"text-align: justify;\"><strong>Par\u00e1grafo 2\u00ba.<\/strong> Caso o CRA\/ES, ap\u00f3s an\u00e1lise do documento de constitui\u00e7\u00e3o social dessas empresas, entidades e escrit\u00f3rios t\u00e9cnicos, constante a desobrigatoriedade de seus registros, este emitir\u00e1 declara\u00e7\u00e3o devendo esta ser apresentada nos respectivos Cart\u00f3rios.<\/p>\n<p style=\"text-align: justify;\"><strong>Art. 2.<\/strong> Este provimento entra em vigor na data de sua publica\u00e7\u00e3o.<\/p>\n<p style=\"text-align: justify;\"><strong>REGISTRE-SE. CUMPRA-SE. PUBLIQUE-SE.<\/strong><\/p>\n<p style=\"text-align: justify;\">Vit\u00f3ria, 05 de dezembro de 2006.<\/p>\n<p style=\"text-align: center;\"><strong>Desembargador MANOEL ALVES RABELO<\/strong><br \/>\n<strong>Corregedor-Geral da Justi\u00e7a<\/strong><\/p>\n","protected":false},"excerpt":{"rendered":"<p>PODER JUDICI\u00c1RIO DO ESTADO DO ESP\u00cdRITO SANTO CORREGEDORIA GERAL DA JUSTI\u00c7A PROVIMENTO N\u00ba 09\/2006 O EXCELENT\u00cdSSIMO SENHOR CORREGEDOR-GERAL DA JUSTI\u00c7A DO ESTADO DO ESP\u00cdRITO SANTO, DESEMBARGADOR MANOEL ALVES RABELO, NO USO DE SUAS ATRIBUI\u00c7\u00d5ES LEGAIS E, CONSIDERANDO que a Corregedoria Geral da Justi\u00e7a do Estado do Esp\u00edrito Santo \u00e9 \u00f3rg\u00e3o de fiscaliza\u00e7\u00e3o, disciplina e orienta\u00e7\u00e3o [&hellip;]<\/p>\n","protected":false},"author":3,"featured_media":0,"comment_status":"open","ping_status":"open","sticky":false,"template":"","format":"standard","meta":{"footnotes":""},"categories":[14,16],"tags":[],"_links":{"self":[{"href":"https:\/\/www.tjes.jus.br\/corregedoria\/wp-json\/wp\/v2\/posts\/8262"}],"collection":[{"href":"https:\/\/www.tjes.jus.br\/corregedoria\/wp-json\/wp\/v2\/posts"}],"about":[{"href":"https:\/\/www.tjes.jus.br\/corregedoria\/wp-json\/wp\/v2\/types\/post"}],"author":[{"embeddable":true,"href":"https:\/\/www.tjes.jus.br\/corregedoria\/wp-json\/wp\/v2\/users\/3"}],"replies":[{"embeddable":true,"href":"https:\/\/www.tjes.jus.br\/corregedoria\/wp-json\/wp\/v2\/comments?post=8262"}],"version-history":[{"count":2,"href":"https:\/\/www.tjes.jus.br\/corregedoria\/wp-json\/wp\/v2\/posts\/8262\/revisions"}],"predecessor-version":[{"id":8266,"href":"https:\/\/www.tjes.jus.br\/corregedoria\/wp-json\/wp\/v2\/posts\/8262\/revisions\/8266"}],"wp:attachment":[{"href":"https:\/\/www.tjes.jus.br\/corregedoria\/wp-json\/wp\/v2\/media?parent=8262"}],"wp:term":[{"taxonomy":"category","embeddable":true,"href":"https:\/\/www.tjes.jus.br\/corregedoria\/wp-json\/wp\/v2\/categories?post=8262"},{"taxonomy":"post_tag","embeddable":true,"href":"https:\/\/www.tjes.jus.br\/corregedoria\/wp-json\/wp\/v2\/tags?post=8262"}],"curies":[{"name":"wp","href":"https:\/\/api.w.org\/{rel}","templated":true}]}}