{"id":8274,"date":"2016-10-14T13:22:45","date_gmt":"2016-10-14T16:22:45","guid":{"rendered":"https:\/\/www.tjes.jus.br\/corregedoria\/?p=8274"},"modified":"2016-10-14T13:23:24","modified_gmt":"2016-10-14T16:23:24","slug":"provimento-no-112007-publ-18012007","status":"publish","type":"post","link":"https:\/\/www.tjes.jus.br\/corregedoria\/2016\/10\/14\/provimento-no-112007-publ-18012007\/","title":{"rendered":"PROVIMENTO N\u00ba 11\/2007 &#8211; PUBL. 18\/01\/2007"},"content":{"rendered":"<p style=\"text-align: center;\"><strong>PODER JUDICI\u00c1RIO DO ESTADO DO ESP\u00cdRITO SANTO<\/strong><\/p>\n<p style=\"text-align: center;\"><strong>CORREGEDORIA-GERAL DA JUSTI\u00c7A<\/strong><\/p>\n<p style=\"text-align: center;\"><strong>PROVIMENTO N. 011\/2007<\/strong><\/p>\n<p style=\"text-align: justify;\">O EXCELENT\u00cdSSIMO SENHOR CORREGEDOR-GERAL DA JUSTI\u00c7A DO ESTADO DO ESP\u00cdRITO SANTO, DESEMBARGADOR MANOEL ALVES RABELO, NO USO DE SUAS ATRIBUI\u00c7\u00d5ES LEGAIS E,<\/p>\n<p style=\"text-align: justify;\"><strong>CONSIDERANDO<\/strong> que a Corregedoria-geral da Justi\u00e7a do Estado do Esp\u00edrito Santo \u00e9 \u00f3rg\u00e3o de fiscaliza\u00e7\u00e3o, disciplina e orienta\u00e7\u00e3o administrativa, com jurisdi\u00e7\u00e3o em todo o Estado, conforme artigo 2\u00ba da Lei Complementar Estadual 83\/96;<\/p>\n<p style=\"text-align: justify;\"><strong>CONSIDERANDO<\/strong> as recentes altera\u00e7\u00f5es introduzidas no C\u00f3digo de Processo Civil Brasileiro, atrav\u00e9s da Lei n. 11.441\/2007, prevendo a possibilidade de realiza\u00e7\u00e3o de invent\u00e1rio, partilha, separa\u00e7\u00e3o consensual ou div\u00f3rcio consensual por via extrajudicial, atrav\u00e9s de escritura p\u00fablica lavrada em cart\u00f3rio de notas, bem como a necessidade de disciplinar a cobran\u00e7a dos emolumentos pertinentes \u00e0 pr\u00e1tica dos atos notariais respectivos;<\/p>\n<p style=\"text-align: justify;\"><strong>RESOLVE:<\/strong><\/p>\n<p style=\"text-align: justify;\"><strong>Art. 1\u00ba &#8211;<\/strong> Os emolumentos devidos pela lavratura de escritura p\u00fablica de separa\u00e7\u00e3o consensual e div\u00f3rcio consensual, na forma institu\u00edda pela Lei n.\u00ba 11.441, de 04 de janeiro de 2007, sem bens a partilhar, corresponder\u00e3o \u00e0queles previstos na Tabela 7, item IV, \u201ca\u201d, Tabela III, item 9, da Lei Estadual n.\u00ba 4.847\/93, acrescido do valor destinado ao FARPEN, conforme Lei Estadual 6.670\/01 e do valor destinado ao FUNEPJ, conforme Lei Complementar Estadual 307\/04,.<\/p>\n<p style=\"text-align: justify;\"><strong>Art. 2\u00ba &#8211;<\/strong> Os emolumentos devidos pela lavratura de escritura p\u00fablica de invent\u00e1rio, separa\u00e7\u00e3o consensual e div\u00f3rcio consensual, na forma institu\u00edda pela Lei n.\u00ba 11.441, de 04 de janeiro de 2007, havendo a necessidade de partilha de bens, corresponder\u00e3o \u00e0queles previstos na Tabela 7, item IV, \u201cb\u201d, da Lei Estadual n.\u00ba 4.847\/93, Tabela III, item 9, da Lei Estadual n.\u00ba 4.847\/93, acrescido do valor destinado ao FARPEN, conforme Lei Estadual 6.670\/01 e o valor destinado ao FUNEPJ, conforme Lei Complementar Estadual 307\/04, considerando-se os bens n\u00e3o pelo seu valor unit\u00e1rio, mas, sim, pela sua totalidade.<\/p>\n<p style=\"text-align: justify;\"><strong>Art. 3\u00ba &#8211;<\/strong> A escritura p\u00fablica e demais atos notariais ser\u00e3o gratuitos, para aqueles que se declararem pobres no sentido e sob as penas da Lei.<\/p>\n<p style=\"text-align: justify;\"><strong>Publique-se. Registre-se. Cumpra-se.<\/strong><\/p>\n<p style=\"text-align: justify;\">Vit\u00f3ria-ES, 16 de janeiro de 2007.<\/p>\n<p style=\"text-align: center;\"><strong>Desembargador MANOEL ALVES RABELO<\/strong><br \/>\n<strong>CORREGEDOR-GERAL DA JUSTI\u00c7A<\/strong><\/p>\n","protected":false},"excerpt":{"rendered":"<p>PODER JUDICI\u00c1RIO DO ESTADO DO ESP\u00cdRITO SANTO CORREGEDORIA-GERAL DA JUSTI\u00c7A PROVIMENTO N. 011\/2007 O EXCELENT\u00cdSSIMO SENHOR CORREGEDOR-GERAL DA JUSTI\u00c7A DO ESTADO DO ESP\u00cdRITO SANTO, DESEMBARGADOR MANOEL ALVES RABELO, NO USO DE SUAS ATRIBUI\u00c7\u00d5ES LEGAIS E, CONSIDERANDO que a Corregedoria-geral da Justi\u00e7a do Estado do Esp\u00edrito Santo \u00e9 \u00f3rg\u00e3o de fiscaliza\u00e7\u00e3o, disciplina e orienta\u00e7\u00e3o administrativa, com [&hellip;]<\/p>\n","protected":false},"author":3,"featured_media":0,"comment_status":"open","ping_status":"open","sticky":false,"template":"","format":"standard","meta":{"footnotes":""},"categories":[14,16],"tags":[],"_links":{"self":[{"href":"https:\/\/www.tjes.jus.br\/corregedoria\/wp-json\/wp\/v2\/posts\/8274"}],"collection":[{"href":"https:\/\/www.tjes.jus.br\/corregedoria\/wp-json\/wp\/v2\/posts"}],"about":[{"href":"https:\/\/www.tjes.jus.br\/corregedoria\/wp-json\/wp\/v2\/types\/post"}],"author":[{"embeddable":true,"href":"https:\/\/www.tjes.jus.br\/corregedoria\/wp-json\/wp\/v2\/users\/3"}],"replies":[{"embeddable":true,"href":"https:\/\/www.tjes.jus.br\/corregedoria\/wp-json\/wp\/v2\/comments?post=8274"}],"version-history":[{"count":2,"href":"https:\/\/www.tjes.jus.br\/corregedoria\/wp-json\/wp\/v2\/posts\/8274\/revisions"}],"predecessor-version":[{"id":8276,"href":"https:\/\/www.tjes.jus.br\/corregedoria\/wp-json\/wp\/v2\/posts\/8274\/revisions\/8276"}],"wp:attachment":[{"href":"https:\/\/www.tjes.jus.br\/corregedoria\/wp-json\/wp\/v2\/media?parent=8274"}],"wp:term":[{"taxonomy":"category","embeddable":true,"href":"https:\/\/www.tjes.jus.br\/corregedoria\/wp-json\/wp\/v2\/categories?post=8274"},{"taxonomy":"post_tag","embeddable":true,"href":"https:\/\/www.tjes.jus.br\/corregedoria\/wp-json\/wp\/v2\/tags?post=8274"}],"curies":[{"name":"wp","href":"https:\/\/api.w.org\/{rel}","templated":true}]}}