{"id":8343,"date":"2016-10-14T16:53:44","date_gmt":"2016-10-14T19:53:44","guid":{"rendered":"https:\/\/www.tjes.jus.br\/corregedoria\/?p=8343"},"modified":"2017-09-13T15:26:30","modified_gmt":"2017-09-13T18:26:30","slug":"provimento-n-072008-publ-em-10072008","status":"publish","type":"post","link":"https:\/\/www.tjes.jus.br\/corregedoria\/2016\/10\/14\/provimento-n-072008-publ-em-10072008\/","title":{"rendered":"PROVIMENTO N\u00ba 07\/2008 &#8211; PUBL. EM 10\/07\/2008"},"content":{"rendered":"<p style=\"text-align: center;\"><strong>ESTADO DO ESP\u00cdRITO SANTO<\/strong><\/p>\n<p style=\"text-align: center;\"><strong>PODER JUDICI\u00c1RIO<\/strong><\/p>\n<p style=\"text-align: center;\"><strong>CORREGEDORIA GERAL DA JUSTI\u00c7A<\/strong><\/p>\n<p style=\"text-align: center;\"><strong>PROVIMENTO N\u00ba 07\/2008<\/strong><\/p>\n<p style=\"text-align: justify;\">O Excelent\u00edssimo Senhor Desembargador ROMULO TADDEI, Corregedor Geral da Justi\u00e7a do Estado do Esp\u00edrito Santo, no exerc\u00edcio de suas atribui\u00e7\u00f5es legais.<\/p>\n<p style=\"text-align: justify;\"><strong>CONSIDERANDO<\/strong> que a Corregedoria Geral da Justi\u00e7a do Estado do Esp\u00edrito Santo \u00e9 \u00f3rg\u00e3o de fiscaliza\u00e7\u00e3o, disciplina e orienta\u00e7\u00e3o administrativa, com jurisdi\u00e7\u00e3o em todo Estado, conforme artigo 2\u00ba da Lei Complementar Estadual 83\/96;<\/p>\n<p style=\"text-align: justify;\"><strong>CONSIDERANDO<\/strong> o disposto no art. 3\u00ba, da Lei Estadual n\u00ba. 7.959\/04, publicada no Di\u00e1rio Oficial em 20 de dezembro de 2004, que atribui \u00e0 Corregedoria Geral da Justi\u00e7a compet\u00eancia para, por ato pr\u00f3prio, baixar as instru\u00e7\u00f5es normativas necess\u00e1rias complementares \u00e0 operacionalidade e funcionalidade da implanta\u00e7\u00e3o do mecanismo de fiscaliza\u00e7\u00e3o;<\/p>\n<p style=\"text-align: justify;\"><strong>CONSIDERANDO<\/strong> o Of\u00edcio TJ\/DF N\u00ba 172\/2008, informando a planilha de c\u00e1lculos dos reajustes do Contrato da Casa da Moeda, no per\u00edodo de 10\/05\/2005 a 19\/05\/2008;<\/p>\n<p style=\"text-align: justify;\"><strong>CONSIDERANDO,<\/strong> finalmente, o disposto no \u00a7 6\u00ba do art. 487 do C\u00f3digo de Normas desta Corregedoria Geral de Justi\u00e7a.<\/p>\n<p style=\"text-align: justify;\"><strong>R E S O L V E<\/strong><\/p>\n<p style=\"text-align: justify;\"><strong>Art. 1\u00ba &#8211;<\/strong> Majorar o valor unit\u00e1rio do SELO DE FISCALIZA\u00c7\u00c3O, a partir do dia 01 de outubro de 2008, para R$ 0,11 (onze centavos de real).<\/p>\n<p style=\"text-align: justify;\"><strong>Par\u00e1grafo \u00fanico &#8211;<\/strong> A Cartela de Selos dever\u00e1 ser requisitada em m\u00faltiplos de 36 (trinta e seis), possuindo o valor de R$ 3,96 (tr\u00eas reais e noventa e seis centavos).<\/p>\n<p style=\"text-align: justify;\"><strong>Art. 2\u00ba &#8211;<\/strong> Os Titulares dos Servi\u00e7os Notariais e de Registro dever\u00e3o efetuar o pagamento pr\u00e9vio dos m\u00faltiplos dos selos requisitados por meio da Guia \u00danica do Poder Judici\u00e1rio no c\u00f3digo de receita n\u00ba 205.<\/p>\n<p style=\"text-align: justify;\"><strong>\u00a7 1\u00ba &#8211;<\/strong> Somente ser\u00e3o atendidos os pedidos com o valor antigo, que estiverem com a GUIA \u00daNICA DO PODER JUDICI\u00c1RIO devidamente quitada no c\u00f3digo de receita 205 at\u00e9 o dia 30\/09\/2008.<\/p>\n<p style=\"text-align: justify;\"><strong>\u00a7 2\u00ba &#8211;<\/strong> A GUIA \u00daNICA DO PODER JUDICI\u00c1RIO estar\u00e1 dispon\u00edvel no website desta Corregedoria: www.cgj.es.gov.br, nas Contadorias e nas Secretarias dos Ju\u00edzos das Comarcas.<\/p>\n<p style=\"text-align: justify;\"><strong>Art. 3\u00ba &#8211;<\/strong> Este Provimento entra em vigor na data de sua publica\u00e7\u00e3o, revogadas as disposi\u00e7\u00f5es em contr\u00e1rio.<\/p>\n<p style=\"text-align: justify;\"><strong>REGISTRE-SE.<\/strong><\/p>\n<p style=\"text-align: justify;\"><strong>PUBLIQUE-SE.<\/strong><\/p>\n<p style=\"text-align: justify;\"><strong>CUMPRA-SE.<\/strong><\/p>\n<p style=\"text-align: justify;\">Vit\u00f3ria, 08 de julho de 2008.<\/p>\n<p style=\"text-align: center;\"><strong>Desembargador ROMULO TADDEI<\/strong><br \/>\n<strong>CORREGEDOR GERAL DA JUSTI\u00c7A<\/strong><\/p>\n","protected":false},"excerpt":{"rendered":"<p>ESTADO DO ESP\u00cdRITO SANTO PODER JUDICI\u00c1RIO CORREGEDORIA GERAL DA JUSTI\u00c7A PROVIMENTO N\u00ba 07\/2008 O Excelent\u00edssimo Senhor Desembargador ROMULO TADDEI, Corregedor Geral da Justi\u00e7a do Estado do Esp\u00edrito Santo, no exerc\u00edcio de suas atribui\u00e7\u00f5es legais. CONSIDERANDO que a Corregedoria Geral da Justi\u00e7a do Estado do Esp\u00edrito Santo \u00e9 \u00f3rg\u00e3o de fiscaliza\u00e7\u00e3o, disciplina e orienta\u00e7\u00e3o administrativa, com [&hellip;]<\/p>\n","protected":false},"author":3,"featured_media":0,"comment_status":"open","ping_status":"open","sticky":false,"template":"","format":"standard","meta":{"footnotes":""},"categories":[14,16],"tags":[],"_links":{"self":[{"href":"https:\/\/www.tjes.jus.br\/corregedoria\/wp-json\/wp\/v2\/posts\/8343"}],"collection":[{"href":"https:\/\/www.tjes.jus.br\/corregedoria\/wp-json\/wp\/v2\/posts"}],"about":[{"href":"https:\/\/www.tjes.jus.br\/corregedoria\/wp-json\/wp\/v2\/types\/post"}],"author":[{"embeddable":true,"href":"https:\/\/www.tjes.jus.br\/corregedoria\/wp-json\/wp\/v2\/users\/3"}],"replies":[{"embeddable":true,"href":"https:\/\/www.tjes.jus.br\/corregedoria\/wp-json\/wp\/v2\/comments?post=8343"}],"version-history":[{"count":2,"href":"https:\/\/www.tjes.jus.br\/corregedoria\/wp-json\/wp\/v2\/posts\/8343\/revisions"}],"predecessor-version":[{"id":18497,"href":"https:\/\/www.tjes.jus.br\/corregedoria\/wp-json\/wp\/v2\/posts\/8343\/revisions\/18497"}],"wp:attachment":[{"href":"https:\/\/www.tjes.jus.br\/corregedoria\/wp-json\/wp\/v2\/media?parent=8343"}],"wp:term":[{"taxonomy":"category","embeddable":true,"href":"https:\/\/www.tjes.jus.br\/corregedoria\/wp-json\/wp\/v2\/categories?post=8343"},{"taxonomy":"post_tag","embeddable":true,"href":"https:\/\/www.tjes.jus.br\/corregedoria\/wp-json\/wp\/v2\/tags?post=8343"}],"curies":[{"name":"wp","href":"https:\/\/api.w.org\/{rel}","templated":true}]}}