{"id":8632,"date":"2016-10-31T15:48:47","date_gmt":"2016-10-31T17:48:47","guid":{"rendered":"https:\/\/www.tjes.jus.br\/corregedoria\/?p=8632"},"modified":"2017-10-26T15:38:25","modified_gmt":"2017-10-26T17:38:25","slug":"provimento-no-382011-publ-em-18082011","status":"publish","type":"post","link":"https:\/\/www.tjes.jus.br\/corregedoria\/2016\/10\/31\/provimento-no-382011-publ-em-18082011\/","title":{"rendered":"PROVIMENTO N\u00ba 38\/2011 &#8211; PUBL. EM 18\/08\/2011"},"content":{"rendered":"<p style=\"text-align: center;\"><strong>ESTADO DO ESPIRITO SANTO<\/strong><\/p>\n<p style=\"text-align: center;\"><strong>PODER JUDICI\u00c1RIO<\/strong><\/p>\n<p style=\"text-align: center;\"><strong>CORREGEDORIA GERAL DA JUSTI\u00c7A<\/strong><\/p>\n<p style=\"text-align: center;\"><strong>PROVIMENTO CGJ N\u00ba 038\/2011<\/strong><\/p>\n<p style=\"text-align: justify;\"><em>Disciplina o funcionamento das Serventias Notariais e Registrais do Estado do Espirito Santo quando da decreta\u00e7\u00e3o de ponto facultativo ou suspens\u00e3o do expediente forense nas reparti\u00e7\u00f5es subordinadas ao Poder Judici\u00e1rio.<\/em><\/p>\n<p style=\"text-align: justify;\">O Desembargador SERGIO LUIZ TEIXEIRA GAMA, Corregedor-Geral da Justi\u00e7a, no uso de suas atribui\u00e7\u00f5es e,<\/p>\n<p style=\"text-align: justify;\"><strong>CONSIDERANDO<\/strong> que a Corregedoria Geral da Justi\u00e7a \u00e9 \u00f3rg\u00e3o de fiscaliza\u00e7\u00e3o, disciplina e orienta\u00e7\u00e3o administrativa, com jurisdi\u00e7\u00e3o em todo o Estado, conforme art. 2\u00ba da Lei Complementar Estadual n\u00ba 83\/96 e art. 35 da Lei Complementar Estadual n\u00ba 234\/02;<\/p>\n<p style=\"text-align: justify;\"><strong>CONSIDERANDO<\/strong> que o art. 4\u00ba, da Lei Federal n.\u00ba 8.935\/94 disp\u00f5e que os servi\u00e7os notariais e de registro ser\u00e3o prestados, de modo eficiente e adequado, em dias e hor\u00e1rios estabelecidos pelo ju\u00edzo competente, atendidas as peculiaridades locais, em local de f\u00e1cil acesso ao p\u00fablico e que ofere\u00e7a seguran\u00e7a para o arquivamento de livros e documentos;<\/p>\n<p style=\"text-align: justify;\"><strong>CONSIDERANDO<\/strong> a decis\u00e3o exarada no Processo n.\u00ba 0838621.<\/p>\n<p style=\"text-align: justify;\"><strong>RESOLVE:<\/strong><\/p>\n<p style=\"text-align: justify;\"><strong>Art. 1\u00ba &#8211;<\/strong> Acrescer ao art. 531, do C\u00f3digo de Normas, aprovado por meio do Provimento n.\u00ba 029\/2009, o paragrafo 3\u00ba, com a seguinte reda\u00e7\u00e3o:<\/p>\n<p style=\"text-align: justify; padding-left: 30px;\">&#8221; <strong>Art. 531.<\/strong> ( &#8230;. )<br \/>\n&#8221; <strong>\u00a7 3\u00ba.<\/strong> A decreta\u00e7\u00e3o de ponto facultativo ou suspens\u00e3o do expediente forense nas reparti\u00e7\u00f5es subordinadas ao Poder Judici\u00e1rio Estadual n\u00e3o alterar\u00e1 o normal funcionamento dos Servi\u00e7os Notariais e Registrais do Estado do Espirito Santo, conforme hor\u00e1rio de funcionamento estipulado no caput deste artigo, ressalvada a hip\u00f3tese do ato administrativo, que implementar as providencias administrativas referidas, consignar, expressamente, que a medida tamb\u00e9m engloba o funcionamento das serventias do foro extrajudicial.&#8221;<\/p>\n<p style=\"text-align: justify;\"><strong>Art. 2\u00ba &#8211;<\/strong> Este provimento entra em vigor na data da publica\u00e7\u00e3o.<\/p>\n<p style=\"text-align: justify;\"><strong>Publique-se. Registre-se. Cumpra-se.<\/strong><\/p>\n<p style=\"text-align: justify;\">De Anchieta pra Vit\u00f3ria\/ES, 16 de agosto de 2011.<\/p>\n<p style=\"text-align: center;\"><strong>Des. S\u00c9RGIO LUIZ TEIXEIRA GAMA<\/strong><br \/>\n<strong>CORREGEDOR-GERAL DA JUSTI\u00c7A<\/strong><\/p>\n","protected":false},"excerpt":{"rendered":"<p>ESTADO DO ESPIRITO SANTO PODER JUDICI\u00c1RIO CORREGEDORIA GERAL DA JUSTI\u00c7A PROVIMENTO CGJ N\u00ba 038\/2011 Disciplina o funcionamento das Serventias Notariais e Registrais do Estado do Espirito Santo quando da decreta\u00e7\u00e3o de ponto facultativo ou suspens\u00e3o do expediente forense nas reparti\u00e7\u00f5es subordinadas ao Poder Judici\u00e1rio. O Desembargador SERGIO LUIZ TEIXEIRA GAMA, Corregedor-Geral da Justi\u00e7a, no uso [&hellip;]<\/p>\n","protected":false},"author":3,"featured_media":0,"comment_status":"open","ping_status":"open","sticky":false,"template":"","format":"standard","meta":{"footnotes":""},"categories":[14,16],"tags":[],"_links":{"self":[{"href":"https:\/\/www.tjes.jus.br\/corregedoria\/wp-json\/wp\/v2\/posts\/8632"}],"collection":[{"href":"https:\/\/www.tjes.jus.br\/corregedoria\/wp-json\/wp\/v2\/posts"}],"about":[{"href":"https:\/\/www.tjes.jus.br\/corregedoria\/wp-json\/wp\/v2\/types\/post"}],"author":[{"embeddable":true,"href":"https:\/\/www.tjes.jus.br\/corregedoria\/wp-json\/wp\/v2\/users\/3"}],"replies":[{"embeddable":true,"href":"https:\/\/www.tjes.jus.br\/corregedoria\/wp-json\/wp\/v2\/comments?post=8632"}],"version-history":[{"count":3,"href":"https:\/\/www.tjes.jus.br\/corregedoria\/wp-json\/wp\/v2\/posts\/8632\/revisions"}],"predecessor-version":[{"id":20619,"href":"https:\/\/www.tjes.jus.br\/corregedoria\/wp-json\/wp\/v2\/posts\/8632\/revisions\/20619"}],"wp:attachment":[{"href":"https:\/\/www.tjes.jus.br\/corregedoria\/wp-json\/wp\/v2\/media?parent=8632"}],"wp:term":[{"taxonomy":"category","embeddable":true,"href":"https:\/\/www.tjes.jus.br\/corregedoria\/wp-json\/wp\/v2\/categories?post=8632"},{"taxonomy":"post_tag","embeddable":true,"href":"https:\/\/www.tjes.jus.br\/corregedoria\/wp-json\/wp\/v2\/tags?post=8632"}],"curies":[{"name":"wp","href":"https:\/\/api.w.org\/{rel}","templated":true}]}}