{"id":8955,"date":"2016-11-09T10:33:01","date_gmt":"2016-11-09T12:33:01","guid":{"rendered":"https:\/\/www.tjes.jus.br\/corregedoria\/?p=8955"},"modified":"2016-11-09T10:33:01","modified_gmt":"2016-11-09T12:33:01","slug":"oficio-circular-cgjes-no-0702016-disp-em-09112016","status":"publish","type":"post","link":"https:\/\/www.tjes.jus.br\/corregedoria\/2016\/11\/09\/oficio-circular-cgjes-no-0702016-disp-em-09112016\/","title":{"rendered":"OF\u00cdCIO CIRCULAR CGJES N\u00ba 070\/2016 &#8211; DISP. EM 09\/11\/2016"},"content":{"rendered":"<p style=\"text-align: center;\" align=\"center\">ESTADO DO ESP\u00cdRITO SANTO<\/p>\n<p style=\"text-align: center;\" align=\"center\">PODER JUDICI\u00c1RIO<\/p>\n<p style=\"text-align: center;\" align=\"center\"><strong>CORREGEDORIA GERAL DA JUSTI\u00c7A<\/strong><\/p>\n<p style=\"text-align: center;\"><strong>OF\u00cdCIO CIRCULAR CGJES N.\u00ba 070\/2016<\/strong><\/p>\n<p style=\"text-align: center;\">(Proc. CGJES n.\u00ba 2016.01.031.833)<\/p>\n<p style=\"text-align: justify;\">O Desembargador\u00a0<strong>RONALDO GON\u00c7ALVES DE SOUSA<\/strong>, Corregedor-Geral da Justi\u00e7a, no uso de suas atribui\u00e7\u00f5es e,<\/p>\n<p style=\"text-align: justify;\"><strong>CONSIDERANDO<\/strong> que a Corregedoria Geral da Justi\u00e7a \u00e9 \u00f3rg\u00e3o de fiscaliza\u00e7\u00e3o, disciplina e orienta\u00e7\u00e3o administrativa, com jurisdi\u00e7\u00e3o em todo o Estado, conforme art. 35 da Lei Complementar Estadual n.\u00ba 234\/2002 (COJES);<\/p>\n<p style=\"text-align: justify;\"><strong>CONSIDERANDO<\/strong> os termos do Of\u00edcio n\u00ba 000000000321\/2016 e da Decis\u00e3o proferidos pela MM.\u00aa Ju\u00edza de Direito da Vara de Fam\u00edlia, Sucess\u00f5es, Inf\u00e2ncia e Juventude e 1\u00aa C\u00edvel da Comarca de Pontalina\/GO,nos autos da a\u00e7\u00e3o de recupera\u00e7\u00e3o judicial de n\u00ba 305\/2016 (Protocolo n\u00ba 220773-04.2016.8.09.0129), solicitando que seja dada ci\u00eancia aos magistrados das determina\u00e7\u00f5es exaradas naquela oportunidade.<\/p>\n<p style=\"text-align: justify;\"><strong>RESOLVE:<\/strong><\/p>\n<p style=\"text-align: justify;\"><strong>DAR CI\u00caNCIA <\/strong>aos MM. Ju\u00edzes de Direito do Estado do Esp\u00edrito Santo sobre o conte\u00fado do Of\u00edcio n\u00ba 000000000321\/2016 e da Decis\u00e3o, proferida no bojo da a\u00e7\u00e3o de recupera\u00e7\u00e3o judicial de 305\/2016 (Protocolo n\u00ba 220773-04.2016.8.09.0129), em tr\u00e2mite perante a Vara de Fam\u00edlia, Sucess\u00f5es, Inf\u00e2ncia e Juventude e 1\u00aa C\u00edvel da Comarca de Pontalina\/GO, na qual figuram como autoras as empresas: JR ARMAZ\u00c9NS GERAIS LTDA-ME (CNPJ N\u00ba 19.374.292\/0001-50), JR COM\u00c9RCIO E TRANSPORTES DE PRODUTOS AGR\u00cdCOLAS LTDA (CNPJ N\u00ba 08.566.833\/0001-26), TRANSPORTADORA JR LOG\u00cdSTICA LTDA (CNPJ N\u00ba 13.043.479\/0001-95), O&amp;D TRANSPORTES LTDA-ME (CNPJ N\u00ba 26.683.391\/0001-80) e TRANSPORTADORA O&amp;D LOG\u00cdSTICA LTDA-ME (CNPJ N\u00ba 33.260.464\/0001-96) e de seus s\u00f3cios SEBASTI\u00c3O LUIZ DE OLIVEIRA J\u00daNIOR (CPF N\u00ba 567.059.131-34) e VERA L\u00daCIA VIEIRA DA SILVA OLIVEIRA (CPF N\u00ba 566.557.031-15),onde ficou assentado, entre outros termos, o sobrestamento de todas as a\u00e7\u00f5es de busca e apreens\u00e3o em curso,pelo ju\u00edzo universal da recupera\u00e7\u00e3o judicial nos autos do processo n\u00ba 305\/2016 (Protocolo n\u00ba 220773-04.2016.8.09.0129).<\/p>\n<p style=\"text-align: justify;\"><strong>Publique-se.<\/strong><\/p>\n<p style=\"text-align: justify;\" align=\"center\">Vit\u00f3ria (ES), 17 de outubro de 2016<\/p>\n<p style=\"text-align: center;\" align=\"center\"><strong>Desembargador RONALDO GON\u00c7ALVES DE SOUSA<\/strong><br \/>\n<strong>Corregedor-Geral da Justi\u00e7a<\/strong><\/p>\n","protected":false},"excerpt":{"rendered":"<p>ESTADO DO ESP\u00cdRITO SANTO PODER JUDICI\u00c1RIO CORREGEDORIA GERAL DA JUSTI\u00c7A OF\u00cdCIO CIRCULAR CGJES N.\u00ba 070\/2016 (Proc. CGJES n.\u00ba 2016.01.031.833) O Desembargador\u00a0RONALDO GON\u00c7ALVES DE SOUSA, Corregedor-Geral da Justi\u00e7a, no uso de suas atribui\u00e7\u00f5es e, CONSIDERANDO que a Corregedoria Geral da Justi\u00e7a \u00e9 \u00f3rg\u00e3o de fiscaliza\u00e7\u00e3o, disciplina e orienta\u00e7\u00e3o administrativa, com jurisdi\u00e7\u00e3o em todo o Estado, conforme [&hellip;]<\/p>\n","protected":false},"author":3,"featured_media":0,"comment_status":"open","ping_status":"open","sticky":false,"template":"","format":"standard","meta":{"footnotes":""},"categories":[5],"tags":[],"_links":{"self":[{"href":"https:\/\/www.tjes.jus.br\/corregedoria\/wp-json\/wp\/v2\/posts\/8955"}],"collection":[{"href":"https:\/\/www.tjes.jus.br\/corregedoria\/wp-json\/wp\/v2\/posts"}],"about":[{"href":"https:\/\/www.tjes.jus.br\/corregedoria\/wp-json\/wp\/v2\/types\/post"}],"author":[{"embeddable":true,"href":"https:\/\/www.tjes.jus.br\/corregedoria\/wp-json\/wp\/v2\/users\/3"}],"replies":[{"embeddable":true,"href":"https:\/\/www.tjes.jus.br\/corregedoria\/wp-json\/wp\/v2\/comments?post=8955"}],"version-history":[{"count":1,"href":"https:\/\/www.tjes.jus.br\/corregedoria\/wp-json\/wp\/v2\/posts\/8955\/revisions"}],"predecessor-version":[{"id":8957,"href":"https:\/\/www.tjes.jus.br\/corregedoria\/wp-json\/wp\/v2\/posts\/8955\/revisions\/8957"}],"wp:attachment":[{"href":"https:\/\/www.tjes.jus.br\/corregedoria\/wp-json\/wp\/v2\/media?parent=8955"}],"wp:term":[{"taxonomy":"category","embeddable":true,"href":"https:\/\/www.tjes.jus.br\/corregedoria\/wp-json\/wp\/v2\/categories?post=8955"},{"taxonomy":"post_tag","embeddable":true,"href":"https:\/\/www.tjes.jus.br\/corregedoria\/wp-json\/wp\/v2\/tags?post=8955"}],"curies":[{"name":"wp","href":"https:\/\/api.w.org\/{rel}","templated":true}]}}