{"id":9222,"date":"2016-12-12T08:47:34","date_gmt":"2016-12-12T10:47:34","guid":{"rendered":"https:\/\/www.tjes.jus.br\/corregedoria\/?p=9222"},"modified":"2018-02-09T15:51:43","modified_gmt":"2018-02-09T17:51:43","slug":"ato-normativo-no-1392016-disp-em-06122016","status":"publish","type":"post","link":"https:\/\/www.tjes.jus.br\/corregedoria\/2016\/12\/12\/ato-normativo-no-1392016-disp-em-06122016\/","title":{"rendered":"ATO NORMATIVO N\u00ba 139\/2016 &#8211; DISP. EM 06\/12\/2016"},"content":{"rendered":"<p style=\"text-align: center;\"><strong>ESTADO DO ESP\u00cdRITO SANTO<\/strong><\/p>\n<p style=\"text-align: center;\"><strong>PODER JUDICI\u00c1RIO<\/strong><\/p>\n<p style=\"text-align: center;\"><strong>TRIBUNAL DE JUSTI\u00c7A<\/strong><\/p>\n<p style=\"text-align: center;\"><strong>GABINETE DA PRESID\u00caNCIA<\/strong><\/p>\n<p style=\"text-align: center;\"><strong>ATO NORMATIVO n\u00ba 139\/2016<\/strong><\/p>\n<p style=\"text-align: justify;\">O Excelent\u00edssimo Senhor Desembargador Fabio Clem de Oliveira, Presidente em exerc\u00edcio do Egr\u00e9gio Tribunal de Justi\u00e7a do Estado do Esp\u00edrito Santo, no uso de suas atribui\u00e7\u00f5es legais e,<\/p>\n<p style=\"text-align: justify;\"><strong>CONSIDERANDO<\/strong> o teor do expediente protocolado neste Egr\u00e9gio Tribunal de Justi\u00e7a sob o n\u00famero 2016.01.762.544, subscrito pelo Exm\u00ba. Sr. Dr. Andr\u00e9 Guasti Motta, MM\u00ba. Juiz de Direito Diretor do Foro da Comarca de Baixo Guandu, que comunica acerca do treinamento de capacita\u00e7\u00e3o para implanta\u00e7\u00e3o do Processo Judicial Eletr\u00f4nico (PJE) agendado para ocorrer nos dias 01, 02, 05, 06 e 07 de dezembro do corrente ano na 1\u00aa Vara da referida Comarca, o que demandar\u00e1 a participa\u00e7\u00e3o do magistrado e dos servidores;<\/p>\n<p style=\"text-align: justify;\"><strong>RESOLVE<\/strong>:<\/p>\n<p style=\"text-align: justify;\"><strong>DETERMINAR<\/strong> a suspens\u00e3o do atendimento ao p\u00fablico e dos prazos processuais na 1\u00aa Vara da Comarca de Baixo Guandu nos dias 01, 02, 05, 06 e 07 de dezembro, ressalvando-se, contudo, a realiza\u00e7\u00e3o das audi\u00eancias designadas e a aprecia\u00e7\u00e3o das medidas urgentes.<\/p>\n<p style=\"text-align: justify;\"><strong>Publique-se<\/strong>.<\/p>\n<p style=\"text-align: justify;\">Vit\u00f3ria, 02 de dezembro de 2016.<\/p>\n<p style=\"text-align: center;\"><strong>Des. FABIO CLEM DE OLIVEIRA<br \/>\nPresidente em exerc\u00edcio<\/strong><\/p>\n","protected":false},"excerpt":{"rendered":"<p>ESTADO DO ESP\u00cdRITO SANTO PODER JUDICI\u00c1RIO TRIBUNAL DE JUSTI\u00c7A GABINETE DA PRESID\u00caNCIA ATO NORMATIVO n\u00ba 139\/2016 O Excelent\u00edssimo Senhor Desembargador Fabio Clem de Oliveira, Presidente em exerc\u00edcio do Egr\u00e9gio Tribunal de Justi\u00e7a do Estado do Esp\u00edrito Santo, no uso de suas atribui\u00e7\u00f5es legais e, CONSIDERANDO o teor do expediente protocolado neste Egr\u00e9gio Tribunal de Justi\u00e7a [&hellip;]<\/p>\n","protected":false},"author":3,"featured_media":0,"comment_status":"open","ping_status":"open","sticky":false,"template":"","format":"standard","meta":{"footnotes":""},"categories":[4,14],"tags":[],"_links":{"self":[{"href":"https:\/\/www.tjes.jus.br\/corregedoria\/wp-json\/wp\/v2\/posts\/9222"}],"collection":[{"href":"https:\/\/www.tjes.jus.br\/corregedoria\/wp-json\/wp\/v2\/posts"}],"about":[{"href":"https:\/\/www.tjes.jus.br\/corregedoria\/wp-json\/wp\/v2\/types\/post"}],"author":[{"embeddable":true,"href":"https:\/\/www.tjes.jus.br\/corregedoria\/wp-json\/wp\/v2\/users\/3"}],"replies":[{"embeddable":true,"href":"https:\/\/www.tjes.jus.br\/corregedoria\/wp-json\/wp\/v2\/comments?post=9222"}],"version-history":[{"count":2,"href":"https:\/\/www.tjes.jus.br\/corregedoria\/wp-json\/wp\/v2\/posts\/9222\/revisions"}],"predecessor-version":[{"id":22368,"href":"https:\/\/www.tjes.jus.br\/corregedoria\/wp-json\/wp\/v2\/posts\/9222\/revisions\/22368"}],"wp:attachment":[{"href":"https:\/\/www.tjes.jus.br\/corregedoria\/wp-json\/wp\/v2\/media?parent=9222"}],"wp:term":[{"taxonomy":"category","embeddable":true,"href":"https:\/\/www.tjes.jus.br\/corregedoria\/wp-json\/wp\/v2\/categories?post=9222"},{"taxonomy":"post_tag","embeddable":true,"href":"https:\/\/www.tjes.jus.br\/corregedoria\/wp-json\/wp\/v2\/tags?post=9222"}],"curies":[{"name":"wp","href":"https:\/\/api.w.org\/{rel}","templated":true}]}}