{"id":9269,"date":"2016-12-13T12:41:57","date_gmt":"2016-12-13T14:41:57","guid":{"rendered":"https:\/\/www.tjes.jus.br\/corregedoria\/?p=9269"},"modified":"2017-10-26T16:19:45","modified_gmt":"2017-10-26T18:19:45","slug":"oficio-circular-no-1022013-publ-em-05022013","status":"publish","type":"post","link":"https:\/\/www.tjes.jus.br\/corregedoria\/2016\/12\/13\/oficio-circular-no-1022013-publ-em-05022013\/","title":{"rendered":"OF\u00cdCIO-CIRCULAR N\u00ba 102\/2013 &#8211; PUBL. EM 05\/02\/2013"},"content":{"rendered":"<p style=\"text-align: center;\"><strong>ESTADO DO ESP\u00cdRITO SANTO<\/strong><\/p>\n<p style=\"text-align: center;\"><strong>PODER JUDICI\u00c1RIO<\/strong><\/p>\n<p style=\"text-align: center;\"><strong>CORREGEDORIA GERAL DA JUSTI\u00c7A<\/strong><\/p>\n<p style=\"text-align: center;\"><strong>OF\u00cdCIO-CIRCULAR N\u00ba. 102\/2013<\/strong><\/p>\n<p style=\"text-align: center;\"><strong>(Favor mencionar essa refer\u00eancia)<\/strong><\/p>\n<p style=\"text-align: center;\"><strong>Protocolo 201300110836<\/strong><\/p>\n<p style=\"text-align: justify;\">O Exmo. Sr. Desembargador Corregedor-Geral da Justi\u00e7a do Estado do Esp\u00edrito Santo, no uso de suas atribui\u00e7\u00f5es legais:<\/p>\n<p style=\"text-align: justify;\"><strong>CONSIDERANDO<\/strong> o recebimento do Of\u00edcio Circular n\u00ba 006\/2013-SEC da lavra da Excelent\u00edssima Senhora Desembargadora Corregedora-Geral da Justi\u00e7a do Estado de Goi\u00e1s Nelma Branco Ferreira Perilo;<\/p>\n<p style=\"text-align: justify;\"><strong>CONSIDERANDO<\/strong> que referido Of\u00edcio Circular informa sobre a INUTILIZA\u00c7\u00c3O de selos, do tipo padr\u00e3o, da numera\u00e7\u00e3o 1305B007817 at\u00e9 1305B011200, fabricados pela empresa Thomas Greg e Sons do Brasil LTDA, tendo em vista a implanta\u00e7\u00e3o de SELO ELETR\u00d4NICO, ficando ad cautelum cancelada a sua validade;<\/p>\n<p style=\"text-align: justify;\"><strong>RECOMENDO<\/strong> aos Ju\u00edzes de Direito Diretores dos F\u00f3runs, Membros do Minist\u00e9rio P\u00fablico, Advogados, Not\u00e1rios e Registradores, Serventu\u00e1rios e a quem mais possa interessar, que observem o Of\u00edcio Circular supra citado, e adotem as provid\u00eancias que entenderem pertinentes.<\/p>\n<p style=\"text-align: justify;\"><strong>Publique-se.<\/strong><\/p>\n<p style=\"text-align: justify;\"><strong>Cumpra-se.<\/strong><\/p>\n<p style=\"text-align: justify;\">Vit\u00f3ria\/ES, 04 de fevereiro de 2013.<\/p>\n<p style=\"text-align: center;\"><strong>DES. CARLOS HENRIQUE RIOS DO AMARAL<br \/>\nCorregedor-Geral da Justi\u00e7a<\/strong><\/p>\n","protected":false},"excerpt":{"rendered":"<p>ESTADO DO ESP\u00cdRITO SANTO PODER JUDICI\u00c1RIO CORREGEDORIA GERAL DA JUSTI\u00c7A OF\u00cdCIO-CIRCULAR N\u00ba. 102\/2013 (Favor mencionar essa refer\u00eancia) Protocolo 201300110836 O Exmo. Sr. Desembargador Corregedor-Geral da Justi\u00e7a do Estado do Esp\u00edrito Santo, no uso de suas atribui\u00e7\u00f5es legais: CONSIDERANDO o recebimento do Of\u00edcio Circular n\u00ba 006\/2013-SEC da lavra da Excelent\u00edssima Senhora Desembargadora Corregedora-Geral da Justi\u00e7a do [&hellip;]<\/p>\n","protected":false},"author":3,"featured_media":0,"comment_status":"open","ping_status":"open","sticky":false,"template":"","format":"standard","meta":{"footnotes":""},"categories":[5],"tags":[],"_links":{"self":[{"href":"https:\/\/www.tjes.jus.br\/corregedoria\/wp-json\/wp\/v2\/posts\/9269"}],"collection":[{"href":"https:\/\/www.tjes.jus.br\/corregedoria\/wp-json\/wp\/v2\/posts"}],"about":[{"href":"https:\/\/www.tjes.jus.br\/corregedoria\/wp-json\/wp\/v2\/types\/post"}],"author":[{"embeddable":true,"href":"https:\/\/www.tjes.jus.br\/corregedoria\/wp-json\/wp\/v2\/users\/3"}],"replies":[{"embeddable":true,"href":"https:\/\/www.tjes.jus.br\/corregedoria\/wp-json\/wp\/v2\/comments?post=9269"}],"version-history":[{"count":2,"href":"https:\/\/www.tjes.jus.br\/corregedoria\/wp-json\/wp\/v2\/posts\/9269\/revisions"}],"predecessor-version":[{"id":20634,"href":"https:\/\/www.tjes.jus.br\/corregedoria\/wp-json\/wp\/v2\/posts\/9269\/revisions\/20634"}],"wp:attachment":[{"href":"https:\/\/www.tjes.jus.br\/corregedoria\/wp-json\/wp\/v2\/media?parent=9269"}],"wp:term":[{"taxonomy":"category","embeddable":true,"href":"https:\/\/www.tjes.jus.br\/corregedoria\/wp-json\/wp\/v2\/categories?post=9269"},{"taxonomy":"post_tag","embeddable":true,"href":"https:\/\/www.tjes.jus.br\/corregedoria\/wp-json\/wp\/v2\/tags?post=9269"}],"curies":[{"name":"wp","href":"https:\/\/api.w.org\/{rel}","templated":true}]}}