{"id":9498,"date":"2016-12-14T12:49:23","date_gmt":"2016-12-14T14:49:23","guid":{"rendered":"https:\/\/www.tjes.jus.br\/corregedoria\/?p=9498"},"modified":"2016-12-14T13:33:31","modified_gmt":"2016-12-14T15:33:31","slug":"oficio-circular-no-0802016-disp-em-14122016","status":"publish","type":"post","link":"https:\/\/www.tjes.jus.br\/corregedoria\/2016\/12\/14\/oficio-circular-no-0802016-disp-em-14122016\/","title":{"rendered":"OF\u00cdCIO-CIRCULAR N\u00ba 080\/2016 &#8211; DISP. EM 14\/12\/2016"},"content":{"rendered":"<p style=\"text-align: center;\" align=\"center\"><strong>ESTADO DO ESP\u00cdRITO SANTO<\/strong><\/p>\n<p style=\"text-align: center;\" align=\"center\"><strong>PODER JUDICI\u00c1RIO<\/strong><\/p>\n<p style=\"text-align: center;\" align=\"center\"><strong>CORREGEDORIA GERAL DA JUSTI\u00c7A<\/strong><\/p>\n<p style=\"text-align: center;\"><strong>OF\u00cdCIO-CIRCULAR N\u00ba 80\/2016<\/strong><\/p>\n<p style=\"text-align: justify;\"><strong>Protocolo 2016.01.760.961<\/strong><\/p>\n<p style=\"text-align: justify;\">O Exmo. Sr. Desembargador Corregedor-Geral da Justi\u00e7a do Estado do Esp\u00edrito Santo, no uso de suas atribui\u00e7\u00f5es legais:<\/p>\n<p style=\"text-align: justify;\"><strong>CONSIDERANDO<\/strong> o recebimento das Portarias n\u00bas 102, 103 e 104\/2016 da lavra da Excelent\u00edssima Senhora Desembargadora Corregedora-Geral da Justi\u00e7a do Estado de Roraima\/RR;<\/p>\n<p style=\"text-align: justify;\"><strong>CONSIDERANDO<\/strong> que referidas Portarias tornam sem efeito os selos hologr\u00e1fico de autenticidade n\u00ba 23.563 da Vara da Justi\u00e7a Itinerante\/RR, n\u00ba 46.994 da 1\u00aa Vara de Fam\u00edlia da Comarca de Boa Vista\/RR e n\u00ba 37.310 da Vara da Justi\u00e7a Itinerante\/RR.<\/p>\n<p style=\"text-align: justify;\"><strong>RECOMENDO<\/strong> aos Ju\u00edzes de Direito Diretores dos F\u00f3runs, Membros do Minist\u00e9rio P\u00fablico, Advogados, Not\u00e1rios e Registradores, Serventu\u00e1rios e a quem mais possa interessar, que observem o Of\u00edcio supracitado, e adotem as provid\u00eancias que entenderem pertinentes.<\/p>\n<p style=\"text-align: justify;\"><strong>Publique-se. Cumpra-se.<\/strong><\/p>\n<p style=\"text-align: justify;\">Vit\u00f3ria\/ES, 06 de dezembro de 2016.<\/p>\n<p style=\"text-align: center;\" align=\"center\"><strong>DES. RONALDO GON\u00c7ALVES DE SOUSA<br \/>\nCorregedor Geral da Justi\u00e7a<\/strong><\/p>\n","protected":false},"excerpt":{"rendered":"<p>ESTADO DO ESP\u00cdRITO SANTO PODER JUDICI\u00c1RIO CORREGEDORIA GERAL DA JUSTI\u00c7A OF\u00cdCIO-CIRCULAR N\u00ba 80\/2016 Protocolo 2016.01.760.961 O Exmo. Sr. Desembargador Corregedor-Geral da Justi\u00e7a do Estado do Esp\u00edrito Santo, no uso de suas atribui\u00e7\u00f5es legais: CONSIDERANDO o recebimento das Portarias n\u00bas 102, 103 e 104\/2016 da lavra da Excelent\u00edssima Senhora Desembargadora Corregedora-Geral da Justi\u00e7a do Estado de [&hellip;]<\/p>\n","protected":false},"author":3,"featured_media":0,"comment_status":"open","ping_status":"open","sticky":false,"template":"","format":"standard","meta":{"footnotes":""},"categories":[5],"tags":[],"_links":{"self":[{"href":"https:\/\/www.tjes.jus.br\/corregedoria\/wp-json\/wp\/v2\/posts\/9498"}],"collection":[{"href":"https:\/\/www.tjes.jus.br\/corregedoria\/wp-json\/wp\/v2\/posts"}],"about":[{"href":"https:\/\/www.tjes.jus.br\/corregedoria\/wp-json\/wp\/v2\/types\/post"}],"author":[{"embeddable":true,"href":"https:\/\/www.tjes.jus.br\/corregedoria\/wp-json\/wp\/v2\/users\/3"}],"replies":[{"embeddable":true,"href":"https:\/\/www.tjes.jus.br\/corregedoria\/wp-json\/wp\/v2\/comments?post=9498"}],"version-history":[{"count":2,"href":"https:\/\/www.tjes.jus.br\/corregedoria\/wp-json\/wp\/v2\/posts\/9498\/revisions"}],"predecessor-version":[{"id":9518,"href":"https:\/\/www.tjes.jus.br\/corregedoria\/wp-json\/wp\/v2\/posts\/9498\/revisions\/9518"}],"wp:attachment":[{"href":"https:\/\/www.tjes.jus.br\/corregedoria\/wp-json\/wp\/v2\/media?parent=9498"}],"wp:term":[{"taxonomy":"category","embeddable":true,"href":"https:\/\/www.tjes.jus.br\/corregedoria\/wp-json\/wp\/v2\/categories?post=9498"},{"taxonomy":"post_tag","embeddable":true,"href":"https:\/\/www.tjes.jus.br\/corregedoria\/wp-json\/wp\/v2\/tags?post=9498"}],"curies":[{"name":"wp","href":"https:\/\/api.w.org\/{rel}","templated":true}]}}