{"id":9510,"date":"2016-12-14T13:12:36","date_gmt":"2016-12-14T15:12:36","guid":{"rendered":"https:\/\/www.tjes.jus.br\/corregedoria\/?p=9510"},"modified":"2016-12-14T13:13:18","modified_gmt":"2016-12-14T15:13:18","slug":"oficio-circular-no-0782016-disp-em-14122016","status":"publish","type":"post","link":"https:\/\/www.tjes.jus.br\/corregedoria\/2016\/12\/14\/oficio-circular-no-0782016-disp-em-14122016\/","title":{"rendered":"OF\u00cdCIO-CIRCULAR N\u00ba 078\/2016 &#8211; DISP. EM 14\/12\/2016"},"content":{"rendered":"<p style=\"text-align: center;\" align=\"center\"><strong>ESTADO DO ESP\u00cdRITO SANTO<\/strong><\/p>\n<p style=\"text-align: center;\" align=\"center\"><strong>PODER JUDICI\u00c1RIO<\/strong><\/p>\n<p style=\"text-align: center;\" align=\"center\"><strong>CORREGEDORIA GERAL DA JUSTI\u00c7A<\/strong><\/p>\n<p style=\"text-align: center;\" align=\"center\"><strong>OF\u00cdCIO-CIRCULAR N\u00ba 78\/2016<\/strong><\/p>\n<p style=\"text-align: justify;\"><strong>Protocolo 2016.01.729.471<\/strong><\/p>\n<p style=\"text-align: justify;\">O Exmo. Sr. Desembargador Corregedor-Geral da Justi\u00e7a do Estado do Esp\u00edrito Santo, no uso de suas atribui\u00e7\u00f5es legais:<\/p>\n<p style=\"text-align: justify;\"><strong>CONSIDERANDO<\/strong> o recebimento dos Avisos n\u00bas 033\/2016 e 34\/2016, da lavra do Excelent\u00edssimo Senhor Desembargador Corregedor-Geral da Justi\u00e7a do Estado de Rond\u00f4nia\/RO;<\/p>\n<p style=\"text-align: justify;\"><strong>CONSIDERANDO <\/strong>que os referidos Avisos informam sobre a Inutiliza\u00e7\u00e3o de Selos Digitais, conforme consta em anexo.<\/p>\n<p style=\"text-align: justify;\"><strong>RECOMENDO<\/strong> aos Ju\u00edzes de Direito Diretores dos F\u00f3runs, Membros do Minist\u00e9rio P\u00fablico, Advogados, Not\u00e1rios e Registradores, Serventu\u00e1rios e a quem mais possa interessar, que observem o Comunicado supracitado, e adotem as provid\u00eancias que entenderem pertinentes.<\/p>\n<p style=\"text-align: justify;\"><strong>Publique-se. Cumpra-se.<\/strong><\/p>\n<p style=\"text-align: justify;\">Vit\u00f3ria\/ES, 06 de dezembro de 2016.<\/p>\n<p style=\"text-align: center;\" align=\"center\"><strong>DES. RONALDO GON\u00c7ALVES DE SOUSA<br \/>\nCorregedor Geral da Justi\u00e7a<\/strong><\/p>\n<p style=\"text-align: center;\" align=\"center\"><strong><a href=\"https:\/\/www.tjes.jus.br\/corregedoria\/wp-content\/uploads\/2016\/12\/Oficio_Circular_078-2016-Anexo.pdf\">ANEXO &#8211; CLIQUE AQUI<\/a><\/strong><\/p>\n","protected":false},"excerpt":{"rendered":"<p>ESTADO DO ESP\u00cdRITO SANTO PODER JUDICI\u00c1RIO CORREGEDORIA GERAL DA JUSTI\u00c7A OF\u00cdCIO-CIRCULAR N\u00ba 78\/2016 Protocolo 2016.01.729.471 O Exmo. Sr. Desembargador Corregedor-Geral da Justi\u00e7a do Estado do Esp\u00edrito Santo, no uso de suas atribui\u00e7\u00f5es legais: CONSIDERANDO o recebimento dos Avisos n\u00bas 033\/2016 e 34\/2016, da lavra do Excelent\u00edssimo Senhor Desembargador Corregedor-Geral da Justi\u00e7a do Estado de Rond\u00f4nia\/RO; [&hellip;]<\/p>\n","protected":false},"author":3,"featured_media":0,"comment_status":"open","ping_status":"open","sticky":false,"template":"","format":"standard","meta":{"footnotes":""},"categories":[5],"tags":[],"_links":{"self":[{"href":"https:\/\/www.tjes.jus.br\/corregedoria\/wp-json\/wp\/v2\/posts\/9510"}],"collection":[{"href":"https:\/\/www.tjes.jus.br\/corregedoria\/wp-json\/wp\/v2\/posts"}],"about":[{"href":"https:\/\/www.tjes.jus.br\/corregedoria\/wp-json\/wp\/v2\/types\/post"}],"author":[{"embeddable":true,"href":"https:\/\/www.tjes.jus.br\/corregedoria\/wp-json\/wp\/v2\/users\/3"}],"replies":[{"embeddable":true,"href":"https:\/\/www.tjes.jus.br\/corregedoria\/wp-json\/wp\/v2\/comments?post=9510"}],"version-history":[{"count":2,"href":"https:\/\/www.tjes.jus.br\/corregedoria\/wp-json\/wp\/v2\/posts\/9510\/revisions"}],"predecessor-version":[{"id":9513,"href":"https:\/\/www.tjes.jus.br\/corregedoria\/wp-json\/wp\/v2\/posts\/9510\/revisions\/9513"}],"wp:attachment":[{"href":"https:\/\/www.tjes.jus.br\/corregedoria\/wp-json\/wp\/v2\/media?parent=9510"}],"wp:term":[{"taxonomy":"category","embeddable":true,"href":"https:\/\/www.tjes.jus.br\/corregedoria\/wp-json\/wp\/v2\/categories?post=9510"},{"taxonomy":"post_tag","embeddable":true,"href":"https:\/\/www.tjes.jus.br\/corregedoria\/wp-json\/wp\/v2\/tags?post=9510"}],"curies":[{"name":"wp","href":"https:\/\/api.w.org\/{rel}","templated":true}]}}