{"id":9514,"date":"2016-12-14T13:16:42","date_gmt":"2016-12-14T15:16:42","guid":{"rendered":"https:\/\/www.tjes.jus.br\/corregedoria\/?p=9514"},"modified":"2016-12-14T13:16:42","modified_gmt":"2016-12-14T15:16:42","slug":"oficio-circular-no-0792016-disp-em-14122016","status":"publish","type":"post","link":"https:\/\/www.tjes.jus.br\/corregedoria\/2016\/12\/14\/oficio-circular-no-0792016-disp-em-14122016\/","title":{"rendered":"OF\u00cdCIO-CIRCULAR N\u00ba 079\/2016 &#8211; DISP. EM 14\/12\/2016"},"content":{"rendered":"<p style=\"text-align: center;\" align=\"center\"><strong>ESTADO DO ESP\u00cdRITO SANTO<\/strong><\/p>\n<p style=\"text-align: center;\" align=\"center\"><strong>PODER JUDICI\u00c1RIO<\/strong><\/p>\n<p style=\"text-align: center;\" align=\"center\"><strong>CORREGEDORIA GERAL DA JUSTI\u00c7A<\/strong><\/p>\n<p style=\"text-align: center;\" align=\"center\"><strong>OF\u00cdCIO-CIRCULAR N\u00ba 79\/2016<\/strong><\/p>\n<p style=\"text-align: justify;\"><strong>Protocolo 2016.01.785.708<\/strong><\/p>\n<p style=\"text-align: justify;\">O Desembargador Corregedor-Geral da Justi\u00e7a do Estado do Esp\u00edrito Santo, no uso de suas atribui\u00e7\u00f5es legais:<\/p>\n<p style=\"text-align: justify;\"><strong>CONSIDERANDO<\/strong> o recebimento dos comunicados protocolizados nesta Corregedoria sob o n\u00ba 201601785708, da Corregedoria Geral da Justi\u00e7a do Estado de S\u00e3o Paulo\/SP;<\/p>\n<p style=\"text-align: justify;\"><strong>CONSIDERANDO <\/strong>que os referidos comunicados informam sobre a ocorr\u00eancia de falsidade mediante utiliza\u00e7\u00e3o de alvar\u00e1 judicial falsificado, falsidade no tocante \u00e0 lavratura de escritura, falsidade nas declara\u00e7\u00f5es de anu\u00eancia, extravio de selos, inutiliza\u00e7\u00e3o de selos, conforme consta em anexo.<\/p>\n<p style=\"text-align: justify;\"><strong>RECOMENDA<\/strong> aos Ju\u00edzes de Direito Diretores dos F\u00f3runs, Membros do Minist\u00e9rio P\u00fablico, Advogados, Not\u00e1rios e Registradores, Serventu\u00e1rios e a quem mais possa interessar, que observem os comunicados em anexo, e adotem as provid\u00eancias que entenderem pertinentes.<\/p>\n<p style=\"text-align: justify;\"><strong>Publique-se. Cumpra-se.<\/strong><\/p>\n<p style=\"text-align: justify;\">Vit\u00f3ria\/ES, 06 de dezembro de 2016.<\/p>\n<p style=\"text-align: center;\" align=\"center\"><strong>DES. RONALDO GON\u00c7ALVES DE SOUSA<br \/>\nCorregedor Geral da Justi\u00e7a<\/strong><\/p>\n<p style=\"text-align: center;\" align=\"center\"><strong><a href=\"https:\/\/www.tjes.jus.br\/corregedoria\/wp-content\/uploads\/2016\/12\/Oficio_Circular_079-2016-Anexo.pdf\">ANEXO &#8211; CLIQUE AQUI<\/a><\/strong><\/p>\n","protected":false},"excerpt":{"rendered":"<p>ESTADO DO ESP\u00cdRITO SANTO PODER JUDICI\u00c1RIO CORREGEDORIA GERAL DA JUSTI\u00c7A OF\u00cdCIO-CIRCULAR N\u00ba 79\/2016 Protocolo 2016.01.785.708 O Desembargador Corregedor-Geral da Justi\u00e7a do Estado do Esp\u00edrito Santo, no uso de suas atribui\u00e7\u00f5es legais: CONSIDERANDO o recebimento dos comunicados protocolizados nesta Corregedoria sob o n\u00ba 201601785708, da Corregedoria Geral da Justi\u00e7a do Estado de S\u00e3o Paulo\/SP; CONSIDERANDO que [&hellip;]<\/p>\n","protected":false},"author":3,"featured_media":0,"comment_status":"open","ping_status":"open","sticky":false,"template":"","format":"standard","meta":{"footnotes":""},"categories":[5],"tags":[],"_links":{"self":[{"href":"https:\/\/www.tjes.jus.br\/corregedoria\/wp-json\/wp\/v2\/posts\/9514"}],"collection":[{"href":"https:\/\/www.tjes.jus.br\/corregedoria\/wp-json\/wp\/v2\/posts"}],"about":[{"href":"https:\/\/www.tjes.jus.br\/corregedoria\/wp-json\/wp\/v2\/types\/post"}],"author":[{"embeddable":true,"href":"https:\/\/www.tjes.jus.br\/corregedoria\/wp-json\/wp\/v2\/users\/3"}],"replies":[{"embeddable":true,"href":"https:\/\/www.tjes.jus.br\/corregedoria\/wp-json\/wp\/v2\/comments?post=9514"}],"version-history":[{"count":1,"href":"https:\/\/www.tjes.jus.br\/corregedoria\/wp-json\/wp\/v2\/posts\/9514\/revisions"}],"predecessor-version":[{"id":9516,"href":"https:\/\/www.tjes.jus.br\/corregedoria\/wp-json\/wp\/v2\/posts\/9514\/revisions\/9516"}],"wp:attachment":[{"href":"https:\/\/www.tjes.jus.br\/corregedoria\/wp-json\/wp\/v2\/media?parent=9514"}],"wp:term":[{"taxonomy":"category","embeddable":true,"href":"https:\/\/www.tjes.jus.br\/corregedoria\/wp-json\/wp\/v2\/categories?post=9514"},{"taxonomy":"post_tag","embeddable":true,"href":"https:\/\/www.tjes.jus.br\/corregedoria\/wp-json\/wp\/v2\/tags?post=9514"}],"curies":[{"name":"wp","href":"https:\/\/api.w.org\/{rel}","templated":true}]}}