{"id":9626,"date":"2016-12-14T17:08:11","date_gmt":"2016-12-14T19:08:11","guid":{"rendered":"https:\/\/www.tjes.jus.br\/corregedoria\/?p=9626"},"modified":"2016-12-14T17:18:10","modified_gmt":"2016-12-14T19:18:10","slug":"resolucao-no-0422002-publ-em-03122002","status":"publish","type":"post","link":"https:\/\/www.tjes.jus.br\/corregedoria\/2016\/12\/14\/resolucao-no-0422002-publ-em-03122002\/","title":{"rendered":"RESOLU\u00c7\u00c3O N\u00ba 042\/2002 &#8211; PUBL. EM 03\/12\/2002"},"content":{"rendered":"<p style=\"text-align: center;\" align=\"center\"><b>PODER JUDICI\u00c1RIO DO ESTADO DO ESP\u00cdRITO SANTO<\/b><\/p>\n<p style=\"text-align: center;\" align=\"center\"><b>TRIBUNAL DE JUSTI\u00c7A<\/b><\/p>\n<p style=\"text-align: center;\" align=\"center\"><b>RESOLU\u00c7\u00c3O N\u00ba. 042\/02<\/b><\/p>\n<p style=\"text-align: center;\" align=\"center\">Inclui disposi\u00e7\u00f5es no<b> Regimento Interno <\/b>da Comiss\u00e3o Estadual Judici\u00e1ria de Ado\u00e7\u00e3o Internacional do Esp\u00edrito Santo \u2013 <b>CEJAI-ES<\/b><\/p>\n<p style=\"text-align: center;\" align=\"center\"><b>(Institu\u00edda pela <a href=\"https:\/\/www.tjes.jus.br\/corregedoria\/index.php\/2016\/12\/14\/resolucao-no-0392002-publ-em-14102002\/\" target=\"_blank\">Resolu\u00e7\u00e3o n\u00ba. 039\/02, publicada no \u201cDJ\u201d de 14\/10\/02<\/a>)<\/b><\/p>\n<p style=\"text-align: justify;\"><b>O Exmo. Sr. Desembargador ALEMER FERRAZ MOULIN, Presidente do Egr\u00e9gio Tribunal de Justi\u00e7a do Estado do Esp\u00edrito Santo, no uso de suas atribui\u00e7\u00f5es legais e tendo em vista decis\u00e3o do Egr\u00e9gio Tribunal Pleno em sess\u00e3o ordin\u00e1ria realizada em 28\/11\/02,<\/b><\/p>\n<p style=\"text-align: justify;\"><b>RESOLVE:<\/b><\/p>\n<p style=\"text-align: justify;\"><b>Art. 1\u00ba \u2013<\/b> <b>Acrescentar o art. 9\u00ba<\/b> do Regimento Interno da Comiss\u00e3o Estadual Judici\u00e1ria de Ado\u00e7\u00e3o Internacional do Esp\u00edrito Santo \u2013 CEJAI \u2013 ES, o par\u00e1grafo \u00fanico, com a seguinte reda\u00e7\u00e3o:<\/p>\n<p style=\"text-align: justify; padding-left: 30px;\">\u201c<b>Art. 9\u00ba<\/b> omitido<br \/>\nIncisos I a X \u2013 omitidos<br \/>\n<b>Par\u00e1grafo \u00fanico \u2013 Na hip\u00f3tese de impedimento ocasional tanto do Presidente, quanto do Vice-Presidente da CEJAI-ES, ambos ser\u00e3o substitu\u00eddos pelo Desembargador Vice-Corregedor, para o exerc\u00edcio das compet\u00eancias previstas nos incisos I, III e VII, deste artigo.<\/b><\/p>\n<p style=\"text-align: justify;\"><b>Art. 2\u00ba \u2013 Acrescentar ao art. 15 <\/b>do Regimento Interno da Comiss\u00e3o Estadual Judici\u00e1ria de Ado\u00e7\u00e3o Internacional \u2013 CEJAI-ES, <b>o inciso XV, <\/b>com a seguinte reda\u00e7\u00e3o:<\/p>\n<p style=\"text-align: justify; padding-left: 30px;\"><b>Art. 15 <\/b>omitido<br \/>\nIncisos I a XIV \u2013 omitidos.<br \/>\n<b>XV \u2013 ficha de inscri\u00e7\u00e3o.<\/b><\/p>\n<p style=\"text-align: justify;\"><b>Art. 3\u00ba \u2013 <\/b>Esta Resolu\u00e7\u00e3o entra em vigor na data de sua publica\u00e7\u00e3o, revogadas as disposi\u00e7\u00f5es em contr\u00e1rio.<\/p>\n<p style=\"text-align: justify;\"><b>PUBLIQUE-SE<\/b><\/p>\n<p style=\"text-align: justify;\">Vit\u00f3ria, 29 de novembro de 2002.<\/p>\n<p style=\"text-align: center;\" align=\"center\"><b>Desembargador ALEMER FERRAZ MOULIN<br \/>\nPresidente<\/b><\/p>\n","protected":false},"excerpt":{"rendered":"<p>PODER JUDICI\u00c1RIO DO ESTADO DO ESP\u00cdRITO SANTO TRIBUNAL DE JUSTI\u00c7A RESOLU\u00c7\u00c3O N\u00ba. 042\/02 Inclui disposi\u00e7\u00f5es no Regimento Interno da Comiss\u00e3o Estadual Judici\u00e1ria de Ado\u00e7\u00e3o Internacional do Esp\u00edrito Santo \u2013 CEJAI-ES (Institu\u00edda pela Resolu\u00e7\u00e3o n\u00ba. 039\/02, publicada no \u201cDJ\u201d de 14\/10\/02) O Exmo. Sr. Desembargador ALEMER FERRAZ MOULIN, Presidente do Egr\u00e9gio Tribunal de Justi\u00e7a do Estado [&hellip;]<\/p>\n","protected":false},"author":3,"featured_media":0,"comment_status":"open","ping_status":"open","sticky":false,"template":"","format":"standard","meta":{"footnotes":""},"categories":[14,13],"tags":[],"_links":{"self":[{"href":"https:\/\/www.tjes.jus.br\/corregedoria\/wp-json\/wp\/v2\/posts\/9626"}],"collection":[{"href":"https:\/\/www.tjes.jus.br\/corregedoria\/wp-json\/wp\/v2\/posts"}],"about":[{"href":"https:\/\/www.tjes.jus.br\/corregedoria\/wp-json\/wp\/v2\/types\/post"}],"author":[{"embeddable":true,"href":"https:\/\/www.tjes.jus.br\/corregedoria\/wp-json\/wp\/v2\/users\/3"}],"replies":[{"embeddable":true,"href":"https:\/\/www.tjes.jus.br\/corregedoria\/wp-json\/wp\/v2\/comments?post=9626"}],"version-history":[{"count":3,"href":"https:\/\/www.tjes.jus.br\/corregedoria\/wp-json\/wp\/v2\/posts\/9626\/revisions"}],"predecessor-version":[{"id":9630,"href":"https:\/\/www.tjes.jus.br\/corregedoria\/wp-json\/wp\/v2\/posts\/9626\/revisions\/9630"}],"wp:attachment":[{"href":"https:\/\/www.tjes.jus.br\/corregedoria\/wp-json\/wp\/v2\/media?parent=9626"}],"wp:term":[{"taxonomy":"category","embeddable":true,"href":"https:\/\/www.tjes.jus.br\/corregedoria\/wp-json\/wp\/v2\/categories?post=9626"},{"taxonomy":"post_tag","embeddable":true,"href":"https:\/\/www.tjes.jus.br\/corregedoria\/wp-json\/wp\/v2\/tags?post=9626"}],"curies":[{"name":"wp","href":"https:\/\/api.w.org\/{rel}","templated":true}]}}