{"id":9701,"date":"2016-12-15T12:34:20","date_gmt":"2016-12-15T14:34:20","guid":{"rendered":"https:\/\/www.tjes.jus.br\/corregedoria\/?p=9701"},"modified":"2018-02-19T17:35:38","modified_gmt":"2018-02-19T20:35:38","slug":"ato-no-0382016-disp-em-15122016","status":"publish","type":"post","link":"https:\/\/www.tjes.jus.br\/corregedoria\/2016\/12\/15\/ato-no-0382016-disp-em-15122016\/","title":{"rendered":"ATO N\u00ba 038\/2016 &#8211; DISP. EM 15\/12\/2016"},"content":{"rendered":"<p style=\"text-align: center;\"><strong>ESTADO DO ESP\u00cdRITO SANTO<\/strong><\/p>\n<p style=\"text-align: center;\"><strong>PODER JUDICI\u00c1RIO<\/strong><\/p>\n<p style=\"text-align: center;\"><strong>ATO N\u00ba 038\/2016<\/strong><\/p>\n<p style=\"text-align: justify;\"><strong>O DESEMBARGADOR RONALDO GON\u00c7ALVES DE SOUSA, CORREGEDOR GERAL DA JUSTI\u00c7A DO ESTADO DO ESP\u00cdRITO SANTO, NO USO DE SUAS ATRIBUI\u00c7\u00d5ES LEGAIS; E;<\/strong><\/p>\n<p style=\"text-align: justify;\"><strong>CONSIDERANDO <\/strong>a edi\u00e7\u00e3o da <a href=\"https:\/\/www.tjes.jus.br\/corregedoria\/wp-content\/uploads\/2016\/06\/Lei_Ordinaria_9974-2013.pdf\"><strong><em>Lei Estadual 9.974\/2013<\/em><\/strong><\/a><strong><em>, <\/em><\/strong><em>datada de 09 de janeiro de 2013, publicada no Di\u00e1rio Oficial dos Poderes do Estado de 10 de janeiro de 2013, <\/em>que \u201c<em>disp\u00f5e sobre o Regimento de Custas e adota outras provid\u00eancias\u201d<\/em>;<\/p>\n<p style=\"text-align: justify;\"><strong>CONSIDERANDO <\/strong>que o <strong><em>par\u00e1grafo \u00fanico <\/em><\/strong><em>do <strong>artigo 35 <\/strong>da <strong>aludida Lei <\/strong><\/em>preconiza que cumpre \u00e0 egr\u00e9gia Corregedoria Geral da Justi\u00e7a do Estado do Esp\u00edrito Santo publicar, anualmente, a tabela detalhada de classes processuais, consoante a taxonomia adotada pelo colendo CNJ \u2013 Conselho Nacional da Justi\u00e7a -, constando a import\u00e2ncia das custas em VRTE \u2013 Valor de Refer\u00eancia do Tesouro Estadual \u2013 e o correspondente, devidamente atualizado, em moeda vigente;<\/p>\n<p style=\"text-align: justify;\"><strong>CONSIDERANDO <\/strong>a edi\u00e7\u00e3o da <strong><em><a href=\"https:\/\/www.tjes.jus.br\/corregedoria\/wp-content\/uploads\/2016\/06\/Lei_Ordinaria_10178-2014.pdf\" target=\"_blank\" rel=\"noopener\">Lei Estadual\u00a010.178\/2014<\/a>,<\/em><\/strong><em> datada de 14 de mar\u00e7o de 2014, publicada no Di\u00e1rio Oficial dos Poderes do Estado de 17 de mar\u00e7o de 2014, <\/em>que\u00a0\u201c<em>altera os artigos 4\u00ba, 6\u00ba e 8\u00ba da <\/em><a href=\"https:\/\/www.tjes.jus.br\/corregedoria\/wp-content\/uploads\/2016\/06\/Lei_Ordinaria_9974-2013.pdf\"><em>Lei n\u00ba 9.974, de 09.01.2013<\/em><\/a><em> \u2013 Regimento de Custas do Tribunal de Justi\u00e7a do Estado do Esp\u00edrito Santo\u201d.<\/em><\/p>\n<p style=\"text-align: justify;\"><strong>CONSIDERANDO <\/strong>que o <strong><em>artigo 1\u00ba <\/em><\/strong><em>do <strong>Decreto Estadual 4045-R, <\/strong>datado de 13 de dezembro de 2016, publicado no Di\u00e1rio Oficial dos Poderes do Estado de 14 de dezembro de 2016, <\/em>disp\u00f5e que o VRTE \u2013 Valor de Refer\u00eancia do Tesouro Estadual \u2013 a vigorar, no exerc\u00edcio de 2017, ser\u00e1 de R$ 3,1865 (tr\u00eas reais e mil oitocentos e sessenta e cinco d\u00e9cimos de mil\u00e9simos de centavos);<\/p>\n<p style=\"text-align: justify;\"><strong>RESOLVE:<\/strong><\/p>\n<p style=\"text-align: justify;\"><strong>I \u2013 DETERMINAR <\/strong>a publica\u00e7\u00e3o detalhada da tabela de classes processuais criada pelo colendo CNJ \u2013 Conselho Nacional de Justi\u00e7a -, demonstrando a import\u00e2ncia das custas judiciais em VRTE \u2013 Valor de Refer\u00eancia do Tesouro Estadual \u2013 e o correspondente, devidamente atualizado, em moeda vigente.<\/p>\n<p style=\"text-align: justify;\"><strong>II \u2013 DETERMINAR <\/strong>a disponibiliza\u00e7\u00e3o da aludida tabela de classes processuais, no s\u00edtio eletr\u00f4nico da egr\u00e9gia Corregedoria Geral da Justi\u00e7a do Estado do Esp\u00edrito Santo (<a href=\"http:\/\/www.cgj.es.jus.br\/\">www.cgj.es.jus.br<\/a>), de acordo com a taxonomia adotada pelo colendo CNJ \u2013 Conselho Nacional de Justi\u00e7a &#8211; e harmonicamente parametrizadas com base na <a href=\"https:\/\/www.tjes.jus.br\/corregedoria\/wp-content\/uploads\/2016\/06\/Lei_Ordinaria_9974-2013.pdf\"><strong><em>Lei Estadual 9.974\/2013<\/em><\/strong><\/a><strong><em>, <\/em><\/strong><em>datada de 09 de janeiro de 2013, publicada no Di\u00e1rio Oficial dos Poderes do Estado de 10 de janeiro de 2013, <\/em>que \u201c<em>disp\u00f5e sobre o Regimento de Custas e adota outras provid\u00eancias\u201d,<\/em> com as altera\u00e7\u00f5es que lhe foram introduzidas pela <strong><em><a href=\"https:\/\/www.tjes.jus.br\/corregedoria\/wp-content\/uploads\/2016\/06\/Lei_Ordinaria_10178-2014.pdf\" target=\"_blank\" rel=\"noopener\">Lei Estadual 10.178\/2014<\/a>,<\/em><\/strong><em> datada de 14 de mar\u00e7o de 2014, publicada no Di\u00e1rio Oficial dos Poderes do Estado de 17 de mar\u00e7o de 2014, <\/em>que \u201c<em>altera os artigos 4\u00ba, 6\u00ba e 8\u00ba da <\/em><a href=\"https:\/\/www.tjes.jus.br\/corregedoria\/wp-content\/uploads\/2016\/06\/Lei_Ordinaria_9974-2013.pdf\"><em>Lei n\u00ba 9.974, de 09.01.2013<\/em><\/a><em> \u2013 Regimento de Custas do Tribunal de Justi\u00e7a do Estado do Esp\u00edrito Santo\u201d.<\/em><\/p>\n<p style=\"text-align: justify;\"><strong>III \u2013 <\/strong>Este ato entra em vigor na data de sua publica\u00e7\u00e3o, produzindo efeitos a partir de 1\u00ba<sup>\u00a0<\/sup>de janeiro de 2017.<\/p>\n<p style=\"text-align: justify;\">Vit\u00f3ria-ES, 14 de dezembro de 2016.<\/p>\n<p style=\"text-align: center;\"><strong>DESEMBARGADOR RONALDO GON\u00c7ALVES DE SOUSA<br \/>\nCORREGEDOR GERAL DA JUSTI\u00c7A<\/strong><\/p>\n<h3 style=\"text-align: center;\">TABELAS DE CLASSES PROCESSUAIS DO PRIMEIRO GRAU DE JURISDI\u00c7\u00c3O PARAMETRIZADAS:<\/h3>\n<p style=\"text-align: center;\"><strong>JUIZADOS DA INF\u00c2NCIA E JUVENTUDE (<a href=\"https:\/\/www.tjes.jus.br\/corregedoria\/wp-content\/uploads\/2016\/12\/JUIZADOS_DA_INF\u00c2NCIA_E_JUVENTUDE-_1\u00ba_GRAU-2017.pdf\">CLIQUE AQUI<\/a>)<\/strong><\/p>\n<p style=\"text-align: center;\"><strong>PROCEDIMENTOS ADMINISTRATIVOS (<a href=\"https:\/\/www.tjes.jus.br\/corregedoria\/wp-content\/uploads\/2016\/12\/PROCEDIMENTOS_ADMINISTRATIVOS_-__1\u00ba_GRAU-2017.pdf\">CLIQUE AQUI<\/a>)<\/strong><\/p>\n<p style=\"text-align: center;\"><strong>PROCEDIMENTOS PR\u00c9-PROCESSUAIS DE RESOLU\u00c7\u00c3O CONSENSUAL DE CONFLITOS (<a href=\"https:\/\/www.tjes.jus.br\/corregedoria\/wp-content\/uploads\/2016\/12\/PROCEDIMENTOS_PR\u00c9_PROCESSUAIS_DE_RESOLU\u00c7\u00c3O_CONSENSUAL_DE_CONFLITOS_1\u00ba_GRAU-2017.pdf\">CLIQUE AQUI<\/a>)<\/strong><\/p>\n<p style=\"text-align: center;\"><strong>PROCESSO C\u00cdVEL E DO TRABALHO (<a href=\"https:\/\/www.tjes.jus.br\/corregedoria\/wp-content\/uploads\/2016\/12\/PROCESSO_C\u00cdVEL_E_DO_TRABALHO_-__1\u00ba_GRAU-2017.pdf\">CLIQUE AQUI<\/a>)<\/strong><\/p>\n<p style=\"text-align: center;\"><strong>PROCESSO CRIMINAL (<a href=\"https:\/\/www.tjes.jus.br\/corregedoria\/wp-content\/uploads\/2016\/12\/PROCESSO_CRIMINAL_-__1\u00ba_GRAU-2017.pdf\">CLIQUE AQUI<\/a>)<\/strong><\/p>\n<p style=\"text-align: center;\"><strong>PROCESSO MILITAR (<a href=\"https:\/\/www.tjes.jus.br\/corregedoria\/wp-content\/uploads\/2016\/12\/PROCESSO_MILITAR_-__1\u00ba_GRAU-2017.pdf\">CLIQUE AQUI<\/a>)<\/strong><\/p>\n<h3 style=\"text-align: center;\">TABELAS DE CLASSES PROCESSUAIS DO SEGUNDO GRAU DE JURISDI\u00c7\u00c3O PARAMETRIZADAS:<\/h3>\n<p style=\"text-align: center;\"><strong>JUIZADOS DA INF\u00c2NCIA E JUVENTUDE (<a href=\"https:\/\/www.tjes.jus.br\/corregedoria\/wp-content\/uploads\/2016\/12\/JUIZADOS_DA_INF\u00c2NCIA_E_JUVENTUDE_PARAMETRIZADA_-_2\u00ba_GRAU-2017.pdf\">CLIQUE AQUI<\/a>)<\/strong><\/p>\n<p style=\"text-align: center;\"><strong>PROCEDIMENTOS ADMINISTRATIVOS (<a href=\"https:\/\/www.tjes.jus.br\/corregedoria\/wp-content\/uploads\/2016\/12\/PROCEDIMENTOS_ADMINISTRATIVOS_-_2\u00ba_GRAU-2017.pdf\">CLIQUE AQUI<\/a>)<\/strong><\/p>\n<p style=\"text-align: center;\"><strong>PROCEDIMENTOS PR\u00c9-PROCESSUAIS DE RESOLU\u00c7\u00c3O CONSENSUAL DE CONFLITOS (<a href=\"https:\/\/www.tjes.jus.br\/corregedoria\/wp-content\/uploads\/2016\/12\/PROCEDIMENTOS_PR\u00c9_PROCESSUAIS_DE_RESOLU\u00c7\u00c3O_CONSENSUAL_DE_CONFLITOS_2_GRAU-2017.pdf\">CLIQUE AQUI<\/a>)<\/strong><\/p>\n<p style=\"text-align: center;\"><strong>PROCESSO C\u00cdVEL E DO TRABALHO (<a href=\"https:\/\/www.tjes.jus.br\/corregedoria\/wp-content\/uploads\/2016\/12\/PROCESSO_CIVEL_E_DO_TRABALHO_-_2\u00ba_GRAU-2017.pdf\">CLIQUE AQUI<\/a>)<\/strong><\/p>\n<p style=\"text-align: center;\"><strong>PROCESSO CRIMINAL (<a href=\"https:\/\/www.tjes.jus.br\/corregedoria\/wp-content\/uploads\/2016\/12\/PROCESSO_CRIMINAL_-_2\u00ba_GRAU-2017.pdf\">CLIQUE AQUI<\/a>)<\/strong><\/p>\n<p style=\"text-align: center;\"><strong>PROCESSO MILITAR (<a href=\"https:\/\/www.tjes.jus.br\/corregedoria\/wp-content\/uploads\/2016\/12\/PROCESSO_MILITAR_-_2\u00ba_GRAU-2017.pdf\">CLIQUE AQUI<\/a>)<\/strong><\/p>\n<h3 style=\"text-align: center;\">RECONVEN\u00c7\u00c3O E CANCELAMENTO DA DISTRIBUI\u00c7\u00c3O (<a href=\"https:\/\/www.tjes.jus.br\/corregedoria\/wp-content\/uploads\/2016\/12\/RECONVEN\u00c7\u00c3O_E_CANCELAMENTO_DA_DISTRIBUI\u00c7\u00c3O-2017.pdf\">CLIQUE AQUI<\/a>)<\/h3>\n","protected":false},"excerpt":{"rendered":"<p>ESTADO DO ESP\u00cdRITO SANTO PODER JUDICI\u00c1RIO ATO N\u00ba 038\/2016 O DESEMBARGADOR RONALDO GON\u00c7ALVES DE SOUSA, CORREGEDOR GERAL DA JUSTI\u00c7A DO ESTADO DO ESP\u00cdRITO SANTO, NO USO DE SUAS ATRIBUI\u00c7\u00d5ES LEGAIS; E; CONSIDERANDO a edi\u00e7\u00e3o da Lei Estadual 9.974\/2013, datada de 09 de janeiro de 2013, publicada no Di\u00e1rio Oficial dos Poderes do Estado de 10 [&hellip;]<\/p>\n","protected":false},"author":3,"featured_media":0,"comment_status":"open","ping_status":"open","sticky":false,"template":"","format":"standard","meta":{"footnotes":""},"categories":[18,14],"tags":[],"_links":{"self":[{"href":"https:\/\/www.tjes.jus.br\/corregedoria\/wp-json\/wp\/v2\/posts\/9701"}],"collection":[{"href":"https:\/\/www.tjes.jus.br\/corregedoria\/wp-json\/wp\/v2\/posts"}],"about":[{"href":"https:\/\/www.tjes.jus.br\/corregedoria\/wp-json\/wp\/v2\/types\/post"}],"author":[{"embeddable":true,"href":"https:\/\/www.tjes.jus.br\/corregedoria\/wp-json\/wp\/v2\/users\/3"}],"replies":[{"embeddable":true,"href":"https:\/\/www.tjes.jus.br\/corregedoria\/wp-json\/wp\/v2\/comments?post=9701"}],"version-history":[{"count":8,"href":"https:\/\/www.tjes.jus.br\/corregedoria\/wp-json\/wp\/v2\/posts\/9701\/revisions"}],"predecessor-version":[{"id":21827,"href":"https:\/\/www.tjes.jus.br\/corregedoria\/wp-json\/wp\/v2\/posts\/9701\/revisions\/21827"}],"wp:attachment":[{"href":"https:\/\/www.tjes.jus.br\/corregedoria\/wp-json\/wp\/v2\/media?parent=9701"}],"wp:term":[{"taxonomy":"category","embeddable":true,"href":"https:\/\/www.tjes.jus.br\/corregedoria\/wp-json\/wp\/v2\/categories?post=9701"},{"taxonomy":"post_tag","embeddable":true,"href":"https:\/\/www.tjes.jus.br\/corregedoria\/wp-json\/wp\/v2\/tags?post=9701"}],"curies":[{"name":"wp","href":"https:\/\/api.w.org\/{rel}","templated":true}]}}