{"id":9794,"date":"2016-12-15T15:22:46","date_gmt":"2016-12-15T17:22:46","guid":{"rendered":"https:\/\/www.tjes.jus.br\/corregedoria\/?p=9794"},"modified":"2016-12-15T15:22:46","modified_gmt":"2016-12-15T17:22:46","slug":"resolucao-no-0482002-publ-em-23122002","status":"publish","type":"post","link":"https:\/\/www.tjes.jus.br\/corregedoria\/2016\/12\/15\/resolucao-no-0482002-publ-em-23122002\/","title":{"rendered":"RESOLU\u00c7\u00c3O N\u00ba 048\/2002 &#8211; PUBL. EM 23\/12\/2002"},"content":{"rendered":"<p style=\"text-align: center;\"><strong>PODER JUDICI\u00c1RIO DO ESTADO DO ESP\u00cdRITO SANTO<\/strong><\/p>\n<p style=\"text-align: center;\"><strong>TRIBUNAL DE JUSTI\u00c7A<\/strong><\/p>\n<p style=\"text-align: center;\"><strong>RESOLU\u00c7\u00c3O N\u00ba 48, de 19 de dezembro de 2002<\/strong><\/p>\n<p style=\"text-align: justify;\"><em>Autoriza a instala\u00e7\u00e3o de duas Varas dos Juizados Especiais C\u00edveis na Comarca da Capital, Ju\u00edzo de Vit\u00f3ria, fixando-lhes a compet\u00eancia.<\/em><\/p>\n<p style=\"text-align: justify;\">O Exm\u00ba Sr. Desembargador ALEMER FERRAZ MOULIN, Presidente do Egr\u00e9gio Tribunal de Justi\u00e7a do Estado do Esp\u00edrito Santo, no uso de suas atribui\u00e7\u00f5es legais e tendo em vista a decis\u00e3o un\u00e2nime do Egr\u00e9gio Tribunal Pleno, em sess\u00e3o realizada nesta data.<\/p>\n<p style=\"text-align: justify;\"><strong>CONSIDERANDO<\/strong> a cria\u00e7\u00e3o de mais 6 (seis) novas varas dos Juizados Especiais C\u00edveis, na Comarca da Capital, Ju\u00edzo de Vit\u00f3ria, com a entrada em vigor da Lei Complementar Estadual n\u00ba 234, publicada no Di\u00e1rio Oficial datado de 19 de abril de 2002 &#8211; Novo C\u00f3digo de Organiza\u00e7\u00e3o Judici\u00e1ria do Estado do Esp\u00edrito Santo;<\/p>\n<p style=\"text-align: justify;\"><strong>CONSIDERANDO<\/strong> o disposto no art. 38 da Lei Federal 9.841\/99, que possibilita \u00e0s microempresas demandar nos Juizados Especiais C\u00edveis, como parte autora;<\/p>\n<p style=\"text-align: justify;\"><strong>CONSIDERANDO<\/strong> que, para a execu\u00e7\u00e3o da Pol\u00edtica Nacional das Rela\u00e7\u00f5es de Consumo, contar\u00e1 o Poder P\u00fablico com a cria\u00e7\u00e3o de Juizados Especiais C\u00edveis para a solu\u00e7\u00e3o de lit\u00edgios de consumo, nos termos do art. 5\u00ba, inciso IV, da Lei Federal 8.078\/90 e Lei 9.099\/95;<\/p>\n<p style=\"text-align: justify;\"><strong>CONSIDERANDO<\/strong> a necessidade de melhorar a presta\u00e7\u00e3o jurisdicional, e havendo oportunidade e conveni\u00eancia de instala\u00e7\u00e3o de duas novas varas dos Juizados Especiais C\u00edveis na Comarca da Capital, Ju\u00edzo de Vit\u00f3ria, para atendimento das demandas envolvendo rela\u00e7\u00f5es de consumo, propostas por consumidores, e outra para atendimento de demandas de compet\u00eancia dos Juizados Especiais, promovidas pelas micro e pequenas empresas;<\/p>\n<p style=\"text-align: justify;\"><strong>RESOLVE<\/strong>:<\/p>\n<p style=\"text-align: justify;\">Art. 1\u00ba. <strong>AUTORIZAR<\/strong> a instala\u00e7\u00e3o na Comarca da Capital, Ju\u00edzo de Vit\u00f3ria, da 5\u00aa Vara dos Juizados Especiais C\u00edveis com compet\u00eancia para solu\u00e7\u00e3o de lit\u00edgios envolvendo rela\u00e7\u00e3o de consumo, propostas por consumidores, bem como da 6\u00aa Vara dos Juizados Especiais C\u00edveis com compet\u00eancia espec\u00edfica para atendimento de demandas ajuizadas por microempresas e empresas de pequeno porte, assim definidas na Lei 9.317\/96.<\/p>\n<p style=\"text-align: justify;\">Art. 2\u00ba. Esta Resolu\u00e7\u00e3o entrar\u00e1 em vigor na data da sua publica\u00e7\u00e3o.<\/p>\n<p style=\"text-align: justify;\"><strong>Publique-se.<\/strong><\/p>\n<p style=\"text-align: justify;\"><strong>Registre-se.<\/strong><\/p>\n<p style=\"text-align: justify;\"><strong>Cumpra-se.<\/strong><\/p>\n<p style=\"text-align: justify;\">Vit\u00f3ria-ES, 19 de dezembro de 2002.<\/p>\n<p style=\"text-align: center;\"><strong>Des. ALEMER FERRAZ MOULIN<br \/>\nPresidente<\/strong><\/p>\n","protected":false},"excerpt":{"rendered":"<p>PODER JUDICI\u00c1RIO DO ESTADO DO ESP\u00cdRITO SANTO TRIBUNAL DE JUSTI\u00c7A RESOLU\u00c7\u00c3O N\u00ba 48, de 19 de dezembro de 2002 Autoriza a instala\u00e7\u00e3o de duas Varas dos Juizados Especiais C\u00edveis na Comarca da Capital, Ju\u00edzo de Vit\u00f3ria, fixando-lhes a compet\u00eancia. O Exm\u00ba Sr. Desembargador ALEMER FERRAZ MOULIN, Presidente do Egr\u00e9gio Tribunal de Justi\u00e7a do Estado do [&hellip;]<\/p>\n","protected":false},"author":3,"featured_media":0,"comment_status":"open","ping_status":"open","sticky":false,"template":"","format":"standard","meta":{"footnotes":""},"categories":[14,13],"tags":[],"_links":{"self":[{"href":"https:\/\/www.tjes.jus.br\/corregedoria\/wp-json\/wp\/v2\/posts\/9794"}],"collection":[{"href":"https:\/\/www.tjes.jus.br\/corregedoria\/wp-json\/wp\/v2\/posts"}],"about":[{"href":"https:\/\/www.tjes.jus.br\/corregedoria\/wp-json\/wp\/v2\/types\/post"}],"author":[{"embeddable":true,"href":"https:\/\/www.tjes.jus.br\/corregedoria\/wp-json\/wp\/v2\/users\/3"}],"replies":[{"embeddable":true,"href":"https:\/\/www.tjes.jus.br\/corregedoria\/wp-json\/wp\/v2\/comments?post=9794"}],"version-history":[{"count":1,"href":"https:\/\/www.tjes.jus.br\/corregedoria\/wp-json\/wp\/v2\/posts\/9794\/revisions"}],"predecessor-version":[{"id":9803,"href":"https:\/\/www.tjes.jus.br\/corregedoria\/wp-json\/wp\/v2\/posts\/9794\/revisions\/9803"}],"wp:attachment":[{"href":"https:\/\/www.tjes.jus.br\/corregedoria\/wp-json\/wp\/v2\/media?parent=9794"}],"wp:term":[{"taxonomy":"category","embeddable":true,"href":"https:\/\/www.tjes.jus.br\/corregedoria\/wp-json\/wp\/v2\/categories?post=9794"},{"taxonomy":"post_tag","embeddable":true,"href":"https:\/\/www.tjes.jus.br\/corregedoria\/wp-json\/wp\/v2\/tags?post=9794"}],"curies":[{"name":"wp","href":"https:\/\/api.w.org\/{rel}","templated":true}]}}