{"id":9809,"date":"2016-12-15T15:37:54","date_gmt":"2016-12-15T17:37:54","guid":{"rendered":"https:\/\/www.tjes.jus.br\/corregedoria\/?p=9809"},"modified":"2016-12-15T15:37:54","modified_gmt":"2016-12-15T17:37:54","slug":"resolucao-no-022004-publ-em-06022004","status":"publish","type":"post","link":"https:\/\/www.tjes.jus.br\/corregedoria\/2016\/12\/15\/resolucao-no-022004-publ-em-06022004\/","title":{"rendered":"RESOLU\u00c7\u00c3O N\u00ba 02\/2004 &#8211; PUBL. EM 06\/02\/2004"},"content":{"rendered":"<p style=\"text-align: center;\"><strong>PODER JUDICI\u00c1RIO DO ESTADO DO ESP\u00cdRITO SANTO<\/strong><\/p>\n<p style=\"text-align: center;\"><strong>TRIBUNAL DE JUSTI\u00c7A<\/strong><\/p>\n<p style=\"text-align: center;\"><strong>RESOLU\u00c7\u00c3O N\u00ba 002 \/04<\/strong><\/p>\n<p style=\"text-align: justify;\">O Exm\u00ba Sr. Desembargador <strong>ADALTO DIAS TRIST\u00c3O<\/strong>, Presidente do Egr\u00e9gio Tribunal de Justi\u00e7a do Estado do Esp\u00edrito Santo, no uso de suas atribui\u00e7\u00f5es legais e tendo em vista DECIS\u00c3O UN\u00c2NIME do Egr\u00e9gio Tribunal Pleno, em sess\u00e3o realizada nesta data,<\/p>\n<p style=\"text-align: justify;\"><strong>RESOLVE:<\/strong><\/p>\n<p style=\"text-align: justify;\"><strong>REMOVER<\/strong>, o Exm\u00ba. Sr. Desembargador <strong>AMIM ABIGUENEM<\/strong> , da 4\u00aa C\u00e2mara C\u00edvel para a 3\u00aa C\u00e2mara C\u00edvel, deste Egr\u00e9gio Tribunal de Justi\u00e7a.<\/p>\n<p style=\"text-align: justify;\">P U B L I Q U E \u2013 S E.<\/p>\n<p style=\"text-align: justify;\">Vit\u00f3ria, 05 de fevereiro de 2004<\/p>\n<p style=\"text-align: center;\"><strong>Desembargador ADALTO DIAS TRIST\u00c3O<br \/>\nPresidente<\/strong><\/p>\n","protected":false},"excerpt":{"rendered":"<p>PODER JUDICI\u00c1RIO DO ESTADO DO ESP\u00cdRITO SANTO TRIBUNAL DE JUSTI\u00c7A RESOLU\u00c7\u00c3O N\u00ba 002 \/04 O Exm\u00ba Sr. Desembargador ADALTO DIAS TRIST\u00c3O, Presidente do Egr\u00e9gio Tribunal de Justi\u00e7a do Estado do Esp\u00edrito Santo, no uso de suas atribui\u00e7\u00f5es legais e tendo em vista DECIS\u00c3O UN\u00c2NIME do Egr\u00e9gio Tribunal Pleno, em sess\u00e3o realizada nesta data, RESOLVE: REMOVER, [&hellip;]<\/p>\n","protected":false},"author":3,"featured_media":0,"comment_status":"open","ping_status":"open","sticky":false,"template":"","format":"standard","meta":{"footnotes":""},"categories":[14,13],"tags":[],"_links":{"self":[{"href":"https:\/\/www.tjes.jus.br\/corregedoria\/wp-json\/wp\/v2\/posts\/9809"}],"collection":[{"href":"https:\/\/www.tjes.jus.br\/corregedoria\/wp-json\/wp\/v2\/posts"}],"about":[{"href":"https:\/\/www.tjes.jus.br\/corregedoria\/wp-json\/wp\/v2\/types\/post"}],"author":[{"embeddable":true,"href":"https:\/\/www.tjes.jus.br\/corregedoria\/wp-json\/wp\/v2\/users\/3"}],"replies":[{"embeddable":true,"href":"https:\/\/www.tjes.jus.br\/corregedoria\/wp-json\/wp\/v2\/comments?post=9809"}],"version-history":[{"count":1,"href":"https:\/\/www.tjes.jus.br\/corregedoria\/wp-json\/wp\/v2\/posts\/9809\/revisions"}],"predecessor-version":[{"id":9810,"href":"https:\/\/www.tjes.jus.br\/corregedoria\/wp-json\/wp\/v2\/posts\/9809\/revisions\/9810"}],"wp:attachment":[{"href":"https:\/\/www.tjes.jus.br\/corregedoria\/wp-json\/wp\/v2\/media?parent=9809"}],"wp:term":[{"taxonomy":"category","embeddable":true,"href":"https:\/\/www.tjes.jus.br\/corregedoria\/wp-json\/wp\/v2\/categories?post=9809"},{"taxonomy":"post_tag","embeddable":true,"href":"https:\/\/www.tjes.jus.br\/corregedoria\/wp-json\/wp\/v2\/tags?post=9809"}],"curies":[{"name":"wp","href":"https:\/\/api.w.org\/{rel}","templated":true}]}}