{"id":9834,"date":"2016-12-15T16:07:37","date_gmt":"2016-12-15T18:07:37","guid":{"rendered":"https:\/\/www.tjes.jus.br\/corregedoria\/?p=9834"},"modified":"2016-12-15T16:07:37","modified_gmt":"2016-12-15T18:07:37","slug":"resolucao-no-042004-publ-em-14012004","status":"publish","type":"post","link":"https:\/\/www.tjes.jus.br\/corregedoria\/2016\/12\/15\/resolucao-no-042004-publ-em-14012004\/","title":{"rendered":"RESOLU\u00c7\u00c3O N\u00ba 04\/2004 &#8211; PUBL. EM 14\/01\/2004"},"content":{"rendered":"<p style=\"text-align: center;\"><strong>PODER JUDICI\u00c1RIO DO ESTADO DO ESP\u00cdRITO SANTO<\/strong><\/p>\n<p style=\"text-align: center;\"><strong>CONSELHO DA MAGISTRATURA<\/strong><\/p>\n<p style=\"text-align: center;\"><strong>RESOLU\u00c7\u00c3O N\u00ba 004\/2004<\/strong><\/p>\n<p style=\"text-align: justify;\">O Exm\u00ba Sr. Desembargador ADALTO DIAS TRIST\u00c3O, Presidente do Poder Judici\u00e1rio do Estado do Esp\u00edrito Santo, no uso de suas atribui\u00e7\u00f5es legais e tendo em vista DECIS\u00c3O UN\u00c2NIME dos Membros do Egr\u00e9gio Conselho da Magistratura, em sess\u00e3o realizada em 08 de janeiro de 2004, em conformidade com as notas taquigr\u00e1ficas da Sess\u00e3o,<\/p>\n<p style=\"text-align: justify;\"><strong>RESOLVE<\/strong>:<\/p>\n<p style=\"text-align: justify;\">1 &#8211; Designar o Exm\u00ba Sr. Desembargador Pedro Valls Feu Rosa como membro substituto &#8211; Classe dos Desembargadores no Tribunal Regional Eleitoral do Esp\u00edrito Santo.<\/p>\n<p style=\"text-align: justify;\">2 &#8211; Esta resolu\u00e7\u00e3o entrar\u00e1 em vigor na data de sua publica\u00e7\u00e3o.<\/p>\n<p style=\"text-align: justify;\"><strong>PUBLIQUE-SE.<\/strong><\/p>\n<p style=\"text-align: justify;\">Vit\u00f3ria, 09 de janeiro de 2004.<\/p>\n<p style=\"text-align: center;\"><strong>Des. ADALTO DIAS TRIST\u00c3O<br \/>\nPRESIDENTE<\/strong><\/p>\n","protected":false},"excerpt":{"rendered":"<p>PODER JUDICI\u00c1RIO DO ESTADO DO ESP\u00cdRITO SANTO CONSELHO DA MAGISTRATURA RESOLU\u00c7\u00c3O N\u00ba 004\/2004 O Exm\u00ba Sr. Desembargador ADALTO DIAS TRIST\u00c3O, Presidente do Poder Judici\u00e1rio do Estado do Esp\u00edrito Santo, no uso de suas atribui\u00e7\u00f5es legais e tendo em vista DECIS\u00c3O UN\u00c2NIME dos Membros do Egr\u00e9gio Conselho da Magistratura, em sess\u00e3o realizada em 08 de janeiro [&hellip;]<\/p>\n","protected":false},"author":3,"featured_media":0,"comment_status":"open","ping_status":"open","sticky":false,"template":"","format":"standard","meta":{"footnotes":""},"categories":[14,13],"tags":[],"_links":{"self":[{"href":"https:\/\/www.tjes.jus.br\/corregedoria\/wp-json\/wp\/v2\/posts\/9834"}],"collection":[{"href":"https:\/\/www.tjes.jus.br\/corregedoria\/wp-json\/wp\/v2\/posts"}],"about":[{"href":"https:\/\/www.tjes.jus.br\/corregedoria\/wp-json\/wp\/v2\/types\/post"}],"author":[{"embeddable":true,"href":"https:\/\/www.tjes.jus.br\/corregedoria\/wp-json\/wp\/v2\/users\/3"}],"replies":[{"embeddable":true,"href":"https:\/\/www.tjes.jus.br\/corregedoria\/wp-json\/wp\/v2\/comments?post=9834"}],"version-history":[{"count":1,"href":"https:\/\/www.tjes.jus.br\/corregedoria\/wp-json\/wp\/v2\/posts\/9834\/revisions"}],"predecessor-version":[{"id":9835,"href":"https:\/\/www.tjes.jus.br\/corregedoria\/wp-json\/wp\/v2\/posts\/9834\/revisions\/9835"}],"wp:attachment":[{"href":"https:\/\/www.tjes.jus.br\/corregedoria\/wp-json\/wp\/v2\/media?parent=9834"}],"wp:term":[{"taxonomy":"category","embeddable":true,"href":"https:\/\/www.tjes.jus.br\/corregedoria\/wp-json\/wp\/v2\/categories?post=9834"},{"taxonomy":"post_tag","embeddable":true,"href":"https:\/\/www.tjes.jus.br\/corregedoria\/wp-json\/wp\/v2\/tags?post=9834"}],"curies":[{"name":"wp","href":"https:\/\/api.w.org\/{rel}","templated":true}]}}