{"id":9868,"date":"2016-12-15T17:06:08","date_gmt":"2016-12-15T19:06:08","guid":{"rendered":"https:\/\/www.tjes.jus.br\/corregedoria\/?p=9868"},"modified":"2016-12-15T17:06:08","modified_gmt":"2016-12-15T19:06:08","slug":"resolucao-no-222004-publ-em-10082004","status":"publish","type":"post","link":"https:\/\/www.tjes.jus.br\/corregedoria\/2016\/12\/15\/resolucao-no-222004-publ-em-10082004\/","title":{"rendered":"RESOLU\u00c7\u00c3O N\u00ba 22\/2004 &#8211; PUBL. EM 10\/08\/2004"},"content":{"rendered":"<p style=\"text-align: center;\"><strong>PODER JUDICI\u00c1RIO DO ESTADO DO ESP\u00cdRITO SANTO<\/strong> <b><\/b><\/p>\n<p style=\"text-align: center;\"><strong>TRIBUNAL DE JUSTI\u00c7A<\/strong><b><\/b><\/p>\n<p style=\"text-align: center;\"><strong>RESOLU\u00c7\u00c3O N\u00ba 22\/2004<\/strong><\/p>\n<p style=\"text-align: justify;\">O Exm\u00ba Sr. Desembargador <strong>ADALTO DIAS TRIST\u00c3O<\/strong>, Presidente do Egr\u00e9gio Tribunal de Justi\u00e7a do Estado do Esp\u00edrito Santo, no uso de suas atribui\u00e7\u00f5es legais e tendo em vista<strong> DECIS\u00c3O UN\u00c2NIME<\/strong> do Egr\u00e9gio Tribunal Pleno em sess\u00e3o ordin\u00e1ria realizada em 05\/08\/04,<\/p>\n<p style=\"text-align: justify;\"><strong>RESOLVE:<\/strong><b><\/b><\/p>\n<p style=\"text-align: justify;\"><strong>REFERENDAR<\/strong> a <a href=\"https:\/\/www.tjes.jus.br\/corregedoria\/index.php\/2016\/12\/15\/resolucao-no-082004-publ-em-26072004\/\" target=\"_blank\">Resolu\u00e7\u00e3o n\u00ba 08\/2004, do Egr\u00e9gio Conselho da Magistratura, publicada no \u201cDJ\u201d de 26\/07\/04<\/a>, que trata da altera\u00e7\u00e3o do artigo 3\u00ba da Resolu\u00e7\u00e3o n\u00ba 014\/2001, relativa \u00e0 indeniza\u00e7\u00e3o de transporte dos OFICIAIS DE JUSTI\u00c7A.<\/p>\n<p style=\"text-align: justify;\">PUBLIQUE-SE.<\/p>\n<p style=\"text-align: justify;\">Vit\u00f3ria, 05 de agosto de 2004.<\/p>\n<p style=\"text-align: center;\"><strong>Desembargador ADALTO DIAS TRIST\u00c3O<br \/>\nPresidente<\/strong><\/p>\n","protected":false},"excerpt":{"rendered":"<p>PODER JUDICI\u00c1RIO DO ESTADO DO ESP\u00cdRITO SANTO TRIBUNAL DE JUSTI\u00c7A RESOLU\u00c7\u00c3O N\u00ba 22\/2004 O Exm\u00ba Sr. Desembargador ADALTO DIAS TRIST\u00c3O, Presidente do Egr\u00e9gio Tribunal de Justi\u00e7a do Estado do Esp\u00edrito Santo, no uso de suas atribui\u00e7\u00f5es legais e tendo em vista DECIS\u00c3O UN\u00c2NIME do Egr\u00e9gio Tribunal Pleno em sess\u00e3o ordin\u00e1ria realizada em 05\/08\/04, RESOLVE: REFERENDAR [&hellip;]<\/p>\n","protected":false},"author":3,"featured_media":0,"comment_status":"open","ping_status":"open","sticky":false,"template":"","format":"standard","meta":{"footnotes":""},"categories":[14,13],"tags":[],"_links":{"self":[{"href":"https:\/\/www.tjes.jus.br\/corregedoria\/wp-json\/wp\/v2\/posts\/9868"}],"collection":[{"href":"https:\/\/www.tjes.jus.br\/corregedoria\/wp-json\/wp\/v2\/posts"}],"about":[{"href":"https:\/\/www.tjes.jus.br\/corregedoria\/wp-json\/wp\/v2\/types\/post"}],"author":[{"embeddable":true,"href":"https:\/\/www.tjes.jus.br\/corregedoria\/wp-json\/wp\/v2\/users\/3"}],"replies":[{"embeddable":true,"href":"https:\/\/www.tjes.jus.br\/corregedoria\/wp-json\/wp\/v2\/comments?post=9868"}],"version-history":[{"count":1,"href":"https:\/\/www.tjes.jus.br\/corregedoria\/wp-json\/wp\/v2\/posts\/9868\/revisions"}],"predecessor-version":[{"id":9872,"href":"https:\/\/www.tjes.jus.br\/corregedoria\/wp-json\/wp\/v2\/posts\/9868\/revisions\/9872"}],"wp:attachment":[{"href":"https:\/\/www.tjes.jus.br\/corregedoria\/wp-json\/wp\/v2\/media?parent=9868"}],"wp:term":[{"taxonomy":"category","embeddable":true,"href":"https:\/\/www.tjes.jus.br\/corregedoria\/wp-json\/wp\/v2\/categories?post=9868"},{"taxonomy":"post_tag","embeddable":true,"href":"https:\/\/www.tjes.jus.br\/corregedoria\/wp-json\/wp\/v2\/tags?post=9868"}],"curies":[{"name":"wp","href":"https:\/\/api.w.org\/{rel}","templated":true}]}}