{"id":9869,"date":"2016-12-15T17:05:38","date_gmt":"2016-12-15T19:05:38","guid":{"rendered":"https:\/\/www.tjes.jus.br\/corregedoria\/?p=9869"},"modified":"2017-01-27T13:37:56","modified_gmt":"2017-01-27T15:37:56","slug":"resolucao-no-082004-publ-em-26072004","status":"publish","type":"post","link":"https:\/\/www.tjes.jus.br\/corregedoria\/2016\/12\/15\/resolucao-no-082004-publ-em-26072004\/","title":{"rendered":"RESOLU\u00c7\u00c3O N\u00ba 08\/2004 &#8211; PUBL. EM 26\/07\/2004 &#8211; REVOGADA"},"content":{"rendered":"<p style=\"text-align: center;\"><del><strong>PODER JUDICI\u00c1RIO DO ESTADO DO ESP\u00cdRITO SANTO<\/strong><\/del><\/p>\n<p style=\"text-align: center;\"><del><strong>TRIBUNAL DE JUSTI\u00c7A<\/strong><\/del><\/p>\n<p style=\"text-align: center;\"><del><strong>RESOLU\u00c7\u00c3O N\u00ba 08\/2004<\/strong><\/del><\/p>\n<p style=\"text-align: justify;\"><del><strong><em>&#8220;D\u00e1 nova reda\u00e7\u00e3o ao artigo 3\u00ba da Resolu\u00e7\u00e3o n\u00ba 014\/2001&#8221;<\/em><\/strong><\/del><\/p>\n<p style=\"text-align: justify;\"><del>O Excelent\u00edssimo Senhor Desembargador Presidente do Egr\u00e9gio Tribunal de Justi\u00e7a do Estado do Esp\u00edrito Santo, no uso de suas atribui\u00e7\u00f5es legais, e tendo em vista a decis\u00e3o do Colendo Conselho Superior da Magistratura nesta data,<\/del><\/p>\n<p style=\"text-align: justify;\"><del><strong>RESOLVE<\/strong>:<\/del><\/p>\n<p style=\"text-align: justify;\"><del><strong>Art. 1\u00ba &#8211;<\/strong> O <a href=\"https:\/\/www.tjes.jus.br\/corregedoria\/index.php\/2016\/12\/13\/resolucao-no-0142001-publ-em-07082001\/\" target=\"_blank\">artigo 3\u00ba da Resolu\u00e7\u00e3o n\u00ba 014\/2001<\/a>, que regulamenta a indeniza\u00e7\u00e3o de transporte prevista no art. 87 da Lei Complementar n\u00ba 46\/94, passa a vigorar, &#8220;ad referendum&#8221; do Egr\u00e9gio Tribunal Pleno, com a seguinte reda\u00e7\u00e3o:<\/del><\/p>\n<p style=\"text-align: justify; padding-left: 30px;\"><del>&#8221; Art. 3\u00ba &#8211; A indeniza\u00e7\u00e3o de transporte corresponder\u00e1 ao valor di\u00e1rio de R$ 22,10 (vinte e dois reais e dez centavos), devido nos dias \u00fateis de cada m\u00eas.<\/del><br \/>\n<del> Par\u00e1grafo \u00danico &#8211; Os oficiais de justi\u00e7a em exerc\u00edcio no Tribunal de Justi\u00e7a ter\u00e3o um acr\u00e9scimo ao valor di\u00e1rio estabelecido no &#8220;caput&#8221; deste artigo, correspondente a mais 30% (trinta por cento) sobre o mesmo.&#8221;<\/del><\/p>\n<p style=\"text-align: justify;\"><del><strong>Art. 2\u00ba &#8211;<\/strong> Esta Resolu\u00e7\u00e3o entra em vigor em 1\u00ba de agosto de 2004.<\/del><\/p>\n<p style=\"text-align: justify;\"><del><strong>Art. 3\u00ba &#8211;<\/strong> Revogam-se as disposi\u00e7\u00f5es em contr\u00e1rio, em especial a Resolu\u00e7\u00e3o n\u00ba 09\/2002.<\/del><\/p>\n<p style=\"text-align: justify;\"><del>Vit\u00f3ria, 15 de julho de 2004.<\/del><\/p>\n<p style=\"text-align: center;\"><del><strong>Desembargador ADALTO DIAS TRIST\u00c3O<br \/>\nPresidente<\/strong><\/del><\/p>\n<p style=\"text-align: center;\"><strong><span style=\"color: #ff0000;\">REVOGADA PELA <a href=\"https:\/\/www.tjes.jus.br\/corregedoria\/index.php\/2017\/01\/27\/resolucao-no-262007-publ-em-26072007\/\" target=\"_blank\">RESOLU\u00c7\u00c3O N\u00ba 26\/2007<\/a> &#8211; PUBL. EM 26\/07\/2007<\/span><\/strong><\/p>\n","protected":false},"excerpt":{"rendered":"<p>PODER JUDICI\u00c1RIO DO ESTADO DO ESP\u00cdRITO SANTO TRIBUNAL DE JUSTI\u00c7A RESOLU\u00c7\u00c3O N\u00ba 08\/2004 &#8220;D\u00e1 nova reda\u00e7\u00e3o ao artigo 3\u00ba da Resolu\u00e7\u00e3o n\u00ba 014\/2001&#8221; O Excelent\u00edssimo Senhor Desembargador Presidente do Egr\u00e9gio Tribunal de Justi\u00e7a do Estado do Esp\u00edrito Santo, no uso de suas atribui\u00e7\u00f5es legais, e tendo em vista a decis\u00e3o do Colendo Conselho Superior da [&hellip;]<\/p>\n","protected":false},"author":3,"featured_media":0,"comment_status":"open","ping_status":"open","sticky":false,"template":"","format":"standard","meta":{"footnotes":""},"categories":[14,13],"tags":[],"_links":{"self":[{"href":"https:\/\/www.tjes.jus.br\/corregedoria\/wp-json\/wp\/v2\/posts\/9869"}],"collection":[{"href":"https:\/\/www.tjes.jus.br\/corregedoria\/wp-json\/wp\/v2\/posts"}],"about":[{"href":"https:\/\/www.tjes.jus.br\/corregedoria\/wp-json\/wp\/v2\/types\/post"}],"author":[{"embeddable":true,"href":"https:\/\/www.tjes.jus.br\/corregedoria\/wp-json\/wp\/v2\/users\/3"}],"replies":[{"embeddable":true,"href":"https:\/\/www.tjes.jus.br\/corregedoria\/wp-json\/wp\/v2\/comments?post=9869"}],"version-history":[{"count":3,"href":"https:\/\/www.tjes.jus.br\/corregedoria\/wp-json\/wp\/v2\/posts\/9869\/revisions"}],"predecessor-version":[{"id":10805,"href":"https:\/\/www.tjes.jus.br\/corregedoria\/wp-json\/wp\/v2\/posts\/9869\/revisions\/10805"}],"wp:attachment":[{"href":"https:\/\/www.tjes.jus.br\/corregedoria\/wp-json\/wp\/v2\/media?parent=9869"}],"wp:term":[{"taxonomy":"category","embeddable":true,"href":"https:\/\/www.tjes.jus.br\/corregedoria\/wp-json\/wp\/v2\/categories?post=9869"},{"taxonomy":"post_tag","embeddable":true,"href":"https:\/\/www.tjes.jus.br\/corregedoria\/wp-json\/wp\/v2\/tags?post=9869"}],"curies":[{"name":"wp","href":"https:\/\/api.w.org\/{rel}","templated":true}]}}