{"id":9943,"date":"2016-12-16T13:02:08","date_gmt":"2016-12-16T15:02:08","guid":{"rendered":"https:\/\/www.tjes.jus.br\/corregedoria\/?p=9943"},"modified":"2016-12-16T13:18:10","modified_gmt":"2016-12-16T15:18:10","slug":"resolucao-no-442004-publ-em-27122004","status":"publish","type":"post","link":"https:\/\/www.tjes.jus.br\/corregedoria\/2016\/12\/16\/resolucao-no-442004-publ-em-27122004\/","title":{"rendered":"RESOLU\u00c7\u00c3O N\u00ba 44\/2004 &#8211; PUBL. EM 27\/12\/2004"},"content":{"rendered":"<p style=\"text-align: center;\"><strong>PODER JUDICI\u00c1RIO DO ESTADO DO ESP\u00cdRITO SANTO<\/strong><\/p>\n<p style=\"text-align: center;\"><strong>TRIBUNAL DE JUSTI\u00c7A<\/strong><\/p>\n<p style=\"text-align: center;\"><strong>DIRETORIA JUDICI\u00c1RIA ADMINISTRATIVA<\/strong><\/p>\n<p style=\"text-align: center;\"><strong>RESOLU\u00c7\u00c3O N\u00ba 044\/04<\/strong><\/p>\n<p style=\"text-align: justify;\">O Exm\u00ba Sr. Desembargador <strong>ADALTO DIAS TRIST\u00c3O<\/strong>, Presidente do Egr\u00e9gio Tribunal de Justi\u00e7a do Estado do Esp\u00edrito Santo, no uso de suas atribui\u00e7\u00f5es legais e tendo em vista decis\u00e3o do Egr\u00e9gio Tribunal Pleno, em sess\u00e3o realizada em 16\/12\/04,<\/p>\n<p style=\"text-align: justify;\"><strong>RESOLVE:<\/strong><\/p>\n<p style=\"text-align: justify;\"><strong>ALTERAR<\/strong> os artigos 4\u00ba e 8\u00ba, do Cap\u00edtulo III, DA COMPOSI\u00c7\u00c3O E ORGANIZA\u00c7\u00c3O, ambos da <a href=\"https:\/\/www.tjes.jus.br\/corregedoria\/index.php\/2016\/12\/14\/resolucao-no-0392002-publ-em-14102002\/\" target=\"_blank\">Resolu\u00e7\u00e3o n\u00ba 039\/02, publicada no \u201cDJ\u201d de 14\/10\/02<\/a>, Regimento Interno da Comiss\u00e3o Estadual Judici\u00e1ria de Ado\u00e7\u00e3o Internacional do Esp\u00edrito Santo \u2013 CEJAI \u2013 ES, que passa a vigorar com a seguinte reda\u00e7\u00e3o:<\/p>\n<p style=\"text-align: justify; padding-left: 30px;\"><strong>&#8220;Art. 4\u00ba<\/strong> \u2013 A CEJAI-ES \u00e9 composta de 06 (seis) membros, sendo o Desembargador Corregedor Geral da Justi\u00e7a do Estado do Esp\u00edrito Santo, membro nato e Presidente; o Desembargador Vice-Corregedor, atuando somente em substitui\u00e7\u00e3o eventual do Presente: 02 (dois) Ju\u00edzes de Direito indicados pelo Presidente da CEJAI-ES, submetidos \u00e0 aprova\u00e7\u00e3o do Tribunal Pleno; o Promotor de Justi\u00e7a ou Procurador de Justi\u00e7a Coordenador do Centro de Apoio Operacional dos Promotores da Inf\u00e2ncia e Juventude; um advogado indicado pela OAB-ES, e seu respectivo suplente, submetidos a aprova\u00e7\u00e3o do Tribunal Pleno.<\/p>\n<p style=\"text-align: justify; padding-left: 30px;\"><strong>Art. 8\u00ba<\/strong> \u2013 A equipe t\u00e9cnica da CEJAI-ES ser\u00e1 composta por um psic\u00f3logo e assistente social dentre os servidores do Poder Judici\u00e1rio, indicados pelo Presidente da CEJAI-ES, submetidos \u00e0 aprova\u00e7\u00e3o pelo Tribunal Pleno.<br \/>\nPar\u00e1grafo \u00danico \u2013 \u00c9 obrigat\u00f3rio, tamb\u00e9m, a interven\u00e7\u00e3o da equipe t\u00e9cnica da CEJAI em todos os processos submetidos a aprecia\u00e7\u00e3o do colegiado.\u201d<\/p>\n<p style=\"text-align: justify;\"><strong>PUBLIQUE-SE.<\/strong><\/p>\n<p style=\"text-align: justify;\">Vit\u00f3ria, 22 de dezembro de 2004.<\/p>\n<p style=\"text-align: center;\"><strong>Desembargador ADALTO DIAS TRIST\u00c3O<br \/>\nPRESIDENTE<\/strong><\/p>\n","protected":false},"excerpt":{"rendered":"<p>PODER JUDICI\u00c1RIO DO ESTADO DO ESP\u00cdRITO SANTO TRIBUNAL DE JUSTI\u00c7A DIRETORIA JUDICI\u00c1RIA ADMINISTRATIVA RESOLU\u00c7\u00c3O N\u00ba 044\/04 O Exm\u00ba Sr. Desembargador ADALTO DIAS TRIST\u00c3O, Presidente do Egr\u00e9gio Tribunal de Justi\u00e7a do Estado do Esp\u00edrito Santo, no uso de suas atribui\u00e7\u00f5es legais e tendo em vista decis\u00e3o do Egr\u00e9gio Tribunal Pleno, em sess\u00e3o realizada em 16\/12\/04, RESOLVE: [&hellip;]<\/p>\n","protected":false},"author":3,"featured_media":0,"comment_status":"open","ping_status":"open","sticky":false,"template":"","format":"standard","meta":{"footnotes":""},"categories":[14,13],"tags":[],"_links":{"self":[{"href":"https:\/\/www.tjes.jus.br\/corregedoria\/wp-json\/wp\/v2\/posts\/9943"}],"collection":[{"href":"https:\/\/www.tjes.jus.br\/corregedoria\/wp-json\/wp\/v2\/posts"}],"about":[{"href":"https:\/\/www.tjes.jus.br\/corregedoria\/wp-json\/wp\/v2\/types\/post"}],"author":[{"embeddable":true,"href":"https:\/\/www.tjes.jus.br\/corregedoria\/wp-json\/wp\/v2\/users\/3"}],"replies":[{"embeddable":true,"href":"https:\/\/www.tjes.jus.br\/corregedoria\/wp-json\/wp\/v2\/comments?post=9943"}],"version-history":[{"count":3,"href":"https:\/\/www.tjes.jus.br\/corregedoria\/wp-json\/wp\/v2\/posts\/9943\/revisions"}],"predecessor-version":[{"id":9950,"href":"https:\/\/www.tjes.jus.br\/corregedoria\/wp-json\/wp\/v2\/posts\/9943\/revisions\/9950"}],"wp:attachment":[{"href":"https:\/\/www.tjes.jus.br\/corregedoria\/wp-json\/wp\/v2\/media?parent=9943"}],"wp:term":[{"taxonomy":"category","embeddable":true,"href":"https:\/\/www.tjes.jus.br\/corregedoria\/wp-json\/wp\/v2\/categories?post=9943"},{"taxonomy":"post_tag","embeddable":true,"href":"https:\/\/www.tjes.jus.br\/corregedoria\/wp-json\/wp\/v2\/tags?post=9943"}],"curies":[{"name":"wp","href":"https:\/\/api.w.org\/{rel}","templated":true}]}}