{"id":9968,"date":"2016-12-16T13:43:32","date_gmt":"2016-12-16T15:43:32","guid":{"rendered":"https:\/\/www.tjes.jus.br\/corregedoria\/?p=9968"},"modified":"2016-12-16T13:43:32","modified_gmt":"2016-12-16T15:43:32","slug":"resolucao-no-032005-publ-em-10022005","status":"publish","type":"post","link":"https:\/\/www.tjes.jus.br\/corregedoria\/2016\/12\/16\/resolucao-no-032005-publ-em-10022005\/","title":{"rendered":"RESOLU\u00c7\u00c3O N\u00ba 03\/2005 &#8211; PUBL. EM 10\/02\/2005"},"content":{"rendered":"<p style=\"text-align: center;\"><strong>PODER JUDICI\u00c1RIO DO ESTADO DO ESP\u00cdRITO SANTO<\/strong> <b><\/b><\/p>\n<p style=\"text-align: center;\"><strong>TRIBUNAL DE JUSTI\u00c7A<\/strong><b><\/b><\/p>\n<p style=\"text-align: center;\"><strong>DIRETORIA JUDICI\u00c1RIA ADMINISTRATIVA<\/strong><b><\/b><\/p>\n<p style=\"text-align: center;\"><strong>RESOLU\u00c7\u00c3O N\u00ba 03\/05<\/strong><\/p>\n<p style=\"text-align: justify;\">O Exm\u00ba. Sr. Desembargador <strong>ADALTO DIAS TRIST\u00c3O<\/strong>, Presidente do Egr\u00e9gio Tribunal de Justi\u00e7a do Estado do Esp\u00edrito Santo, no uso de suas atribui\u00e7\u00f5es legais e tendo em vista decis\u00e3o do Egr\u00e9gio Tribunal Pleno, em sess\u00e3o realizada nesta data,<\/p>\n<p style=\"text-align: justify;\"><strong>CONSIDERANDO<\/strong> que a maioria das Varas e Comarcas do Estado tem apresentado um aumento substancial na movimenta\u00e7\u00e3o processual, conforme se verifica pelas estat\u00edsticas mensais apresentadas pelos Magistrados, o que tem acarretado uma sobrecarga de trabalho a estes e aos Serventu\u00e1rios,<\/p>\n<p style=\"text-align: justify;\"><strong>CONSIDERANDO<\/strong>, enfim, o interesse supremo da justi\u00e7a de que os processos possam receber impulsionamento de forma que o rito empreendido seja o mais c\u00e9lere poss\u00edvel, outorgando uma presta\u00e7\u00e3o jurisdicional mais r\u00e1pida e consequentemente efetiva \u00e0quele que tem o direito, em conson\u00e2ncia com a Reforma do Judici\u00e1rio (Emenda Constitucional n\u00ba 45\/2004) e com o princ\u00edpio da efici\u00eancia inserto na Constitui\u00e7\u00e3o da Rep\u00fablica.<\/p>\n<p style=\"text-align: justify;\"><strong>RESOLVE:<\/strong><b><\/b><\/p>\n<p style=\"text-align: justify;\"><strong>Art. 1\u00ba<\/strong>. Fica institu\u00eddo o Sistema de Coopera\u00e7\u00e3o Regional (mutir\u00e3o), traduzido na concentra\u00e7\u00e3o de esfor\u00e7os de magistrados e serventu\u00e1rios do Poder Judici\u00e1rio, com o objetivo de desenvolver atividades capazes de garantir a agiliza\u00e7\u00e3o dos servi\u00e7os judici\u00e1rios e obter redu\u00e7\u00e3o do n\u00famero de processos em tramita\u00e7\u00e3o nas mesmas Varas e Comarcas.<\/p>\n<p style=\"text-align: justify;\"><strong>Art. 2\u00ba<\/strong>. Inicialmente, o Projeto ora institu\u00eddo alcan\u00e7ar\u00e1, em car\u00e1ter experimental, um dos Juizados Especiais C\u00edveis de Vit\u00f3ria, sendo que, posteriormente, abranger\u00e1 as demais Varas e Comarcas.<\/p>\n<p style=\"text-align: justify;\"><strong>Art. 3\u00ba<\/strong>. Os Ju\u00edzes selecionados para atuar no Projeto, quando designados pela Presid\u00eancia, ter\u00e3o jurisdi\u00e7\u00e3o em todo o Estado, quando atuando no mutir\u00e3o.<\/p>\n<p style=\"text-align: justify;\"><strong>Art. 4\u00ba.<\/strong> O Tribunal de Justi\u00e7a e a Corregedoria Geral da Justi\u00e7a selecionar\u00e3o respectivamente os Ju\u00edzes e os servidores que ir\u00e3o atuar no mutir\u00e3o.<\/p>\n<p style=\"text-align: justify;\"><strong>Art. 5\u00ba<\/strong>. Ser\u00e1 feito pagamento pela presta\u00e7\u00e3o de servi\u00e7os extraordin\u00e1rios, sendo que em rela\u00e7\u00e3o aos magistrados observar-se-\u00e1 o disposto na Lei n\u00ba 234\/02 e no que concerne aos servidores, as disposi\u00e7\u00f5es constantes na Lei n\u00ba 46\/94.<\/p>\n<p style=\"text-align: justify;\"><strong>Art. 6\u00ba<\/strong>. Os ju\u00edzes escolhidos para atuar no presente Projeto podem se valer da estrutura f\u00edsica dispon\u00edvel na Vara, inclusive do servi\u00e7o cartor\u00e1rio respectivo, podendo utilizar o seu pr\u00f3prio equipamento.<\/p>\n<p style=\"text-align: justify;\"><strong>Art. 7\u00ba.<\/strong> A Presid\u00eancia velar\u00e1 pelo funcionamento normal da Vara em que venha a ser recrutado o Magistrado para integrar a equipe, devendo ser designado outro Juiz para o cart\u00f3rio respectivo.<\/p>\n<p style=\"text-align: justify;\"><strong>Art. 8\u00ba<\/strong>. O Tribunal de Justi\u00e7a expedir\u00e1 ato informando os nomes dos ju\u00edzes e servidores que participar\u00e3o do projeto aqui institu\u00eddo.<\/p>\n<p style=\"text-align: justify;\"><strong>Art. 9\u00ba<\/strong>. A Estat\u00edstica das a\u00e7\u00f5es levadas a efeito no presente projeto, dever\u00e3o constar no relat\u00f3rio que os Ju\u00edzes enviam mensalmente \u00e0 Corregedoria Geral de Justi\u00e7a.<\/p>\n<p style=\"text-align: justify;\"><strong>Art. 10<\/strong>. Esta resolu\u00e7\u00e3o entra em vigor na data de sua publica\u00e7\u00e3o.<\/p>\n<p style=\"text-align: justify;\">Publique-se.<\/p>\n<p style=\"text-align: justify;\">Vit\u00f3ria, 03 de dezembro de 2004.<\/p>\n<p style=\"text-align: center;\"><strong>Desembargador ADALTO DIAS TRIST\u00c3O<br \/>\nPresidente<\/strong><\/p>\n","protected":false},"excerpt":{"rendered":"<p>PODER JUDICI\u00c1RIO DO ESTADO DO ESP\u00cdRITO SANTO TRIBUNAL DE JUSTI\u00c7A DIRETORIA JUDICI\u00c1RIA ADMINISTRATIVA RESOLU\u00c7\u00c3O N\u00ba 03\/05 O Exm\u00ba. Sr. Desembargador ADALTO DIAS TRIST\u00c3O, Presidente do Egr\u00e9gio Tribunal de Justi\u00e7a do Estado do Esp\u00edrito Santo, no uso de suas atribui\u00e7\u00f5es legais e tendo em vista decis\u00e3o do Egr\u00e9gio Tribunal Pleno, em sess\u00e3o realizada nesta data, CONSIDERANDO [&hellip;]<\/p>\n","protected":false},"author":3,"featured_media":0,"comment_status":"open","ping_status":"open","sticky":false,"template":"","format":"standard","meta":{"footnotes":""},"categories":[14,13],"tags":[],"_links":{"self":[{"href":"https:\/\/www.tjes.jus.br\/corregedoria\/wp-json\/wp\/v2\/posts\/9968"}],"collection":[{"href":"https:\/\/www.tjes.jus.br\/corregedoria\/wp-json\/wp\/v2\/posts"}],"about":[{"href":"https:\/\/www.tjes.jus.br\/corregedoria\/wp-json\/wp\/v2\/types\/post"}],"author":[{"embeddable":true,"href":"https:\/\/www.tjes.jus.br\/corregedoria\/wp-json\/wp\/v2\/users\/3"}],"replies":[{"embeddable":true,"href":"https:\/\/www.tjes.jus.br\/corregedoria\/wp-json\/wp\/v2\/comments?post=9968"}],"version-history":[{"count":1,"href":"https:\/\/www.tjes.jus.br\/corregedoria\/wp-json\/wp\/v2\/posts\/9968\/revisions"}],"predecessor-version":[{"id":9969,"href":"https:\/\/www.tjes.jus.br\/corregedoria\/wp-json\/wp\/v2\/posts\/9968\/revisions\/9969"}],"wp:attachment":[{"href":"https:\/\/www.tjes.jus.br\/corregedoria\/wp-json\/wp\/v2\/media?parent=9968"}],"wp:term":[{"taxonomy":"category","embeddable":true,"href":"https:\/\/www.tjes.jus.br\/corregedoria\/wp-json\/wp\/v2\/categories?post=9968"},{"taxonomy":"post_tag","embeddable":true,"href":"https:\/\/www.tjes.jus.br\/corregedoria\/wp-json\/wp\/v2\/tags?post=9968"}],"curies":[{"name":"wp","href":"https:\/\/api.w.org\/{rel}","templated":true}]}}