{"id":9974,"date":"2016-12-16T13:52:01","date_gmt":"2016-12-16T15:52:01","guid":{"rendered":"https:\/\/www.tjes.jus.br\/corregedoria\/?p=9974"},"modified":"2016-12-16T14:07:06","modified_gmt":"2016-12-16T16:07:06","slug":"resolucao-no-062005-publ-em-01032005-republicacao","status":"publish","type":"post","link":"https:\/\/www.tjes.jus.br\/corregedoria\/2016\/12\/16\/resolucao-no-062005-publ-em-01032005-republicacao\/","title":{"rendered":"RESOLU\u00c7\u00c3O N\u00ba 06\/2005 &#8211; PUBL. EM 01\/03\/2005 &#8211; REPUBLICA\u00c7\u00c3O &#8211; ALTERADA"},"content":{"rendered":"<p style=\"text-align: center;\"><strong>ESTADO DO ESP\u00cdRITO SANTO<\/strong> <b><\/b><\/p>\n<p style=\"text-align: center;\"><strong>PODER JUDICI\u00c1RIO<\/strong><b><\/b><\/p>\n<p style=\"text-align: center;\"><strong>TRIBUNAL DE JUSTI\u00c7A<\/strong><b><\/b><\/p>\n<p style=\"text-align: center;\"><strong>RESOLU\u00c7\u00c3O N\u00ba 06\/05<\/strong><\/p>\n<p style=\"text-align: justify;\">O Exm\u00ba Sr. Desembargador <strong>JORGE G\u00d3ES COUTINHO<\/strong>, Presidente em Exerc\u00edcio do Egr\u00e9gio Tribunal de Justi\u00e7a do Estado do Esp\u00edrito Santo, no uso de suas atribui\u00e7\u00f5es legais e tendo em vista decis\u00e3o do Egr\u00e9gio Tribunal Pleno, em sess\u00e3o realizada nesta data,<\/p>\n<p style=\"text-align: justify;\"><strong>RESOLVE:<\/strong><b><\/b><\/p>\n<p style=\"text-align: justify;\"><strong>COMPOR<\/strong>, nos termos da <a href=\"https:\/\/www.tjes.jus.br\/corregedoria\/index.php\/2016\/12\/16\/resolucao-no-442004-publ-em-27122004\/\" target=\"_blank\">Resolu\u00e7\u00e3o n\u00ba 044\/04, publicada no \u201cDJ\u201d de 22\/12\/04<\/a>, a Comiss\u00e3o Estadual Judici\u00e1ria de Ado\u00e7\u00e3o Internacional do Esp\u00edrito Santo \u2013 CEJAI-ES, com os seguintes membros:<\/p>\n<p style=\"text-align: justify;\">\u2013 o Exm\u00ba Sr. Desembargador FREDERICO GUILHERME PIMENTEL, Corregedor Geral da Justi\u00e7a, membro nato e Presidente;<\/p>\n<p style=\"text-align: justify;\">\u2013 O Exm\u00ba Sr. Desembargador S\u00c9RGIO BIZZOTTO PESSOA DE MENDON\u00c7A, Vice-Corregedor, atuando somente em substitui\u00e7\u00e3o eventual do Presidente;<\/p>\n<p style=\"text-align: justify;\">\u2013 Os Exm\u00bas Srs. Drs., Ju\u00edzes de Direito, ISABELLA ROSSI NAUMANN CHAVES, MARCOS ANT\u00d4NIO BARBOSA DE SOUZA, como titulares, Dr\u00aas JANETE PANTALE\u00c3O ALVES e EDNALVA DA PENHA BINDA, como suplentes;<\/p>\n<p>&#8211; Exm\u00aa Sr\u00aa Dr\u00aa PATR\u00cdCIA CALMON RANGEL, como representante do Minist\u00e9rio P\u00fablico <strong>(Inclu\u00edda pela <a href=\"https:\/\/www.tjes.jus.br\/corregedoria\/index.php\/2016\/12\/16\/resolucao-no-102005-publ-em-01042005\/\" target=\"_blank\">Resolu\u00e7\u00e3o n\u00ba 10\/2005, publicada em 01\/04\/2005<\/a>)<\/strong><\/p>\n<p style=\"text-align: justify;\">\u2013 As Ilm\u00aas Sr\u00aas Dr\u00aas, advogadas, IVONE VILANOVA DE SOUZA, como titular e ARLETE ULIANA, como suplente.<\/p>\n<p style=\"text-align: justify;\">PUBLIQUE-SE.<\/p>\n<p style=\"text-align: justify;\">Vit\u00f3ria, 17 de fevereiro de 2005.<\/p>\n<p style=\"text-align: center;\"><strong>Desembargador JORGE G\u00d3ES COUTINHO<br \/>\nPresidente em Exerc\u00edcio<\/strong><\/p>\n<h2 style=\"text-align: center;\"><span style=\"color: #ff0000;\">REPRODUZIDO POR TER SIDO REDIGIDO COM INCORRE\u00c7\u00c3O<\/span><\/h2>\n<h2 style=\"text-align: center;\"><span style=\"color: #ff0000;\">ALTERADA PELA <a href=\"https:\/\/www.tjes.jus.br\/corregedoria\/index.php\/2016\/12\/16\/resolucao-no-102005-publ-em-01042005\/\" target=\"_blank\">RESOLU\u00c7\u00c3O N\u00ba 10\/2005<\/a> &#8211; DISP. EM 01\/04\/2005<\/span><\/h2>\n","protected":false},"excerpt":{"rendered":"<p>ESTADO DO ESP\u00cdRITO SANTO PODER JUDICI\u00c1RIO TRIBUNAL DE JUSTI\u00c7A RESOLU\u00c7\u00c3O N\u00ba 06\/05 O Exm\u00ba Sr. Desembargador JORGE G\u00d3ES COUTINHO, Presidente em Exerc\u00edcio do Egr\u00e9gio Tribunal de Justi\u00e7a do Estado do Esp\u00edrito Santo, no uso de suas atribui\u00e7\u00f5es legais e tendo em vista decis\u00e3o do Egr\u00e9gio Tribunal Pleno, em sess\u00e3o realizada nesta data, RESOLVE: COMPOR, nos [&hellip;]<\/p>\n","protected":false},"author":3,"featured_media":0,"comment_status":"open","ping_status":"open","sticky":false,"template":"","format":"standard","meta":{"footnotes":""},"categories":[14,13],"tags":[],"_links":{"self":[{"href":"https:\/\/www.tjes.jus.br\/corregedoria\/wp-json\/wp\/v2\/posts\/9974"}],"collection":[{"href":"https:\/\/www.tjes.jus.br\/corregedoria\/wp-json\/wp\/v2\/posts"}],"about":[{"href":"https:\/\/www.tjes.jus.br\/corregedoria\/wp-json\/wp\/v2\/types\/post"}],"author":[{"embeddable":true,"href":"https:\/\/www.tjes.jus.br\/corregedoria\/wp-json\/wp\/v2\/users\/3"}],"replies":[{"embeddable":true,"href":"https:\/\/www.tjes.jus.br\/corregedoria\/wp-json\/wp\/v2\/comments?post=9974"}],"version-history":[{"count":3,"href":"https:\/\/www.tjes.jus.br\/corregedoria\/wp-json\/wp\/v2\/posts\/9974\/revisions"}],"predecessor-version":[{"id":9989,"href":"https:\/\/www.tjes.jus.br\/corregedoria\/wp-json\/wp\/v2\/posts\/9974\/revisions\/9989"}],"wp:attachment":[{"href":"https:\/\/www.tjes.jus.br\/corregedoria\/wp-json\/wp\/v2\/media?parent=9974"}],"wp:term":[{"taxonomy":"category","embeddable":true,"href":"https:\/\/www.tjes.jus.br\/corregedoria\/wp-json\/wp\/v2\/categories?post=9974"},{"taxonomy":"post_tag","embeddable":true,"href":"https:\/\/www.tjes.jus.br\/corregedoria\/wp-json\/wp\/v2\/tags?post=9974"}],"curies":[{"name":"wp","href":"https:\/\/api.w.org\/{rel}","templated":true}]}}