{"id":9986,"date":"2016-12-16T14:04:30","date_gmt":"2016-12-16T16:04:30","guid":{"rendered":"https:\/\/www.tjes.jus.br\/corregedoria\/?p=9986"},"modified":"2016-12-16T14:04:30","modified_gmt":"2016-12-16T16:04:30","slug":"resolucao-no-102005-publ-em-01042005","status":"publish","type":"post","link":"https:\/\/www.tjes.jus.br\/corregedoria\/2016\/12\/16\/resolucao-no-102005-publ-em-01042005\/","title":{"rendered":"RESOLU\u00c7\u00c3O N\u00ba 10\/2005 &#8211; PUBL. EM 01\/04\/2005"},"content":{"rendered":"<p style=\"text-align: center;\"><strong>PODER JUDICI\u00c1RIO DO ESTADO DO ESP\u00cdRITO SANTO<\/strong> <b><\/b><\/p>\n<p style=\"text-align: center;\"><strong>TRIBUNAL DE JUSTI\u00c7A<\/strong><b><\/b><\/p>\n<p style=\"text-align: center;\"><strong>DIRETORIA JUDICI\u00c1RIA ADMINISTRATIVA<\/strong><b><\/b><\/p>\n<p style=\"text-align: center;\"><strong>RESOLU\u00c7\u00c3O N\u00ba 10\/05<\/strong><\/p>\n<p style=\"margin-bottom: 12pt; text-align: justify;\">O Exm\u00ba Sr. Desembargador <strong>ADALTO DIAS TRIST\u00c3O<\/strong>, Presidente do Egr\u00e9gio Tribunal de Justi\u00e7a do Estado do Esp\u00edrito Santo, no uso de suas atribui\u00e7\u00f5es legais e tendo em vista decis\u00e3o un\u00e2nime do Egr\u00e9gio Tribunal Pleno, em sess\u00e3o extraordin\u00e1ria realizada em 28-03-05,<\/p>\n<p style=\"margin-bottom: 12pt; text-align: justify;\"><strong>RESOLVE:<\/strong><b><\/b><\/p>\n<p style=\"margin-bottom: 12pt; text-align: justify;\"><strong>INCLUIR<\/strong>, na Comiss\u00e3o Estadual Judici\u00e1ria de ado\u00e7\u00e3o internacional do Esp\u00edrito Santo \u2013 CEJAI-ES, institu\u00edda pela <a href=\"https:\/\/www.tjes.jus.br\/corregedoria\/index.php\/2016\/12\/16\/resolucao-no-062005-publ-em-01032005-republicacao\/\" target=\"_blank\">Resolu\u00e7\u00e3o n\u00ba 06\/05, publicada no \u201cDJ\u201d de 1\u00ba-03-05<\/a>, o nome da Exm\u00aa Sr\u00aa Dr\u00aa PATR\u00cdCIA CALMON RANGEL, como representante do Minist\u00e9rio P\u00fablico.<\/p>\n<p style=\"margin-bottom: 12pt; text-align: justify;\">PUBLIQUE-SE.<\/p>\n<p style=\"margin-bottom: 12pt; text-align: justify;\">Vit\u00f3ria, 30 de mar\u00e7o de 2005.<\/p>\n<p style=\"text-align: center;\"><strong>Desembargador ADALTO DIAS TRIST\u00c3O<br \/>\nPRESIDENTE<\/strong><\/p>\n","protected":false},"excerpt":{"rendered":"<p>PODER JUDICI\u00c1RIO DO ESTADO DO ESP\u00cdRITO SANTO TRIBUNAL DE JUSTI\u00c7A DIRETORIA JUDICI\u00c1RIA ADMINISTRATIVA RESOLU\u00c7\u00c3O N\u00ba 10\/05 O Exm\u00ba Sr. Desembargador ADALTO DIAS TRIST\u00c3O, Presidente do Egr\u00e9gio Tribunal de Justi\u00e7a do Estado do Esp\u00edrito Santo, no uso de suas atribui\u00e7\u00f5es legais e tendo em vista decis\u00e3o un\u00e2nime do Egr\u00e9gio Tribunal Pleno, em sess\u00e3o extraordin\u00e1ria realizada em [&hellip;]<\/p>\n","protected":false},"author":3,"featured_media":0,"comment_status":"open","ping_status":"open","sticky":false,"template":"","format":"standard","meta":{"footnotes":""},"categories":[14,13],"tags":[],"_links":{"self":[{"href":"https:\/\/www.tjes.jus.br\/corregedoria\/wp-json\/wp\/v2\/posts\/9986"}],"collection":[{"href":"https:\/\/www.tjes.jus.br\/corregedoria\/wp-json\/wp\/v2\/posts"}],"about":[{"href":"https:\/\/www.tjes.jus.br\/corregedoria\/wp-json\/wp\/v2\/types\/post"}],"author":[{"embeddable":true,"href":"https:\/\/www.tjes.jus.br\/corregedoria\/wp-json\/wp\/v2\/users\/3"}],"replies":[{"embeddable":true,"href":"https:\/\/www.tjes.jus.br\/corregedoria\/wp-json\/wp\/v2\/comments?post=9986"}],"version-history":[{"count":1,"href":"https:\/\/www.tjes.jus.br\/corregedoria\/wp-json\/wp\/v2\/posts\/9986\/revisions"}],"predecessor-version":[{"id":9987,"href":"https:\/\/www.tjes.jus.br\/corregedoria\/wp-json\/wp\/v2\/posts\/9986\/revisions\/9987"}],"wp:attachment":[{"href":"https:\/\/www.tjes.jus.br\/corregedoria\/wp-json\/wp\/v2\/media?parent=9986"}],"wp:term":[{"taxonomy":"category","embeddable":true,"href":"https:\/\/www.tjes.jus.br\/corregedoria\/wp-json\/wp\/v2\/categories?post=9986"},{"taxonomy":"post_tag","embeddable":true,"href":"https:\/\/www.tjes.jus.br\/corregedoria\/wp-json\/wp\/v2\/tags?post=9986"}],"curies":[{"name":"wp","href":"https:\/\/api.w.org\/{rel}","templated":true}]}}